{"id":159941,"date":"2020-03-24T12:03:50","date_gmt":"2020-03-24T15:03:50","guid":{"rendered":"http:\/\/www.caririemacao.com\/1\/?p=159941"},"modified":"2020-03-24T12:03:51","modified_gmt":"2020-03-24T15:03:51","slug":"coronavirus-todas-as-capitais-fecham-comercio-para-diminuir-o-risco-de-contagio","status":"publish","type":"post","link":"https:\/\/www.caririemacao.com\/1\/2020\/03\/24\/coronavirus-todas-as-capitais-fecham-comercio-para-diminuir-o-risco-de-contagio\/","title":{"rendered":"Coronav\u00edrus: todas as capitais fecham com\u00e9rcio para diminuir o risco de cont\u00e1gio"},"content":{"rendered":"\n<p>A quarentena obrigat\u00f3ria para o com\u00e9rcio e servi\u00e7os considerados n\u00e3o essenciais come\u00e7ou a valer nas cidades de S\u00e3o Paulo e do Rio de Janeiro a partir desta quarta-feira (24). Nas duas cidades, a medida foi implantada de forma gradual.<\/p>\n\n\n\n<p>Nas outras capitais do pa\u00eds e no Distrito Federal, decretos semelhantes j\u00e1 estavam em vigor desde a semana passada.<\/p>\n\n\n\n<h2 class=\"wp-block-heading\">S\u00e3o Paulo<\/h2>\n\n\n\n<figure class=\"wp-block-image size-large\"><img decoding=\"async\" width=\"25\" height=\"14\" data-src=\"http:\/\/www.caririemacao.com\/1\/wp-content\/uploads\/2020\/03\/image-1.jpeg\" alt=\"Rua 25 de Mar\u00e7o vazia no primeiro dia de fechamento do com\u00e9rcio ap\u00f3s decreto \u2014 Foto: Arquivo Pessoal\" class=\"wp-image-159942 lazyload\" src=\"data:image\/svg+xml;base64,PHN2ZyB3aWR0aD0iMSIgaGVpZ2h0PSIxIiB4bWxucz0iaHR0cDovL3d3dy53My5vcmcvMjAwMC9zdmciPjwvc3ZnPg==\" style=\"--smush-placeholder-width: 25px; --smush-placeholder-aspect-ratio: 25\/14;\" \/><\/figure>\n\n\n\n<figure class=\"wp-block-image\"><img decoding=\"async\" data-src=\"https:\/\/s2.glbimg.com\/vQSP4jhpNXvwROCzLBZ93TOJzoQ=\/0x0:1280x720\/984x0\/smart\/filters:strip_icc()\/i.s3.glbimg.com\/v1\/AUTH_59edd422c0c84a879bd37670ae4f538a\/internal_photos\/bs\/2020\/W\/X\/eynwBAReah4ti1Wt4QGw\/whatsapp-image-2020-03-20-at-10.48.09.jpeg\" alt=\"Rua 25 de Mar\u00e7o vazia no primeiro dia de fechamento do com\u00e9rcio ap\u00f3s decreto \u2014 Foto: Arquivo Pessoal\" src=\"data:image\/svg+xml;base64,PHN2ZyB3aWR0aD0iMSIgaGVpZ2h0PSIxIiB4bWxucz0iaHR0cDovL3d3dy53My5vcmcvMjAwMC9zdmciPjwvc3ZnPg==\" class=\"lazyload\" \/><\/figure>\n\n\n\n<p>Rua 25 de Mar\u00e7o vazia no primeiro dia de fechamento do com\u00e9rcio ap\u00f3s decreto \u2014 Foto: Arquivo Pessoal<\/p>\n\n\n\n<p>Em S\u00e3o Paulo, o governador Jo\u00e3o Doria determinou o fechamento de estabelecimentos comerciais nos 645 munic\u00edpios do estado. A quarentena vai at\u00e9 7 de abril, e pode ser estendida.<\/p>\n\n\n\n<h2 class=\"wp-block-heading\">Rio de Janeiro<\/h2>\n\n\n\n<figure class=\"wp-block-image\"><img decoding=\"async\" data-src=\"https:\/\/s2.glbimg.com\/9tDoFSks4TEDSGvII85i7RFXp_Q=\/0x0:1600x1030\/984x0\/smart\/filters:strip_icc()\/i.s3.glbimg.com\/v1\/AUTH_59edd422c0c84a879bd37670ae4f538a\/internal_photos\/bs\/2020\/T\/r\/ooWQDATciaKPJpY4VSXQ\/ataulfo-segunda.jpg\" alt=\"Bares e restaurantes s\u00f3 v\u00e3o poder vender por entrega em domic\u00edlio \u2014 Foto: Marcos Serra Lima\/ G1\" src=\"data:image\/svg+xml;base64,PHN2ZyB3aWR0aD0iMSIgaGVpZ2h0PSIxIiB4bWxucz0iaHR0cDovL3d3dy53My5vcmcvMjAwMC9zdmciPjwvc3ZnPg==\" class=\"lazyload\" \/><\/figure>\n\n\n\n<p>Bares e restaurantes s\u00f3 v\u00e3o poder vender por entrega em domic\u00edlio \u2014 Foto: Marcos Serra Lima\/ G1<\/p>\n\n\n\n<p>Na cidade do Rio de Janeiro, o prefeito Marcelo Crivella determinou o fechamento do com\u00e9rcio por tempo indeterminado. Bares e restaurantes s\u00f3 v\u00e3o poder trabalhar por entregas em domic\u00edlio.<\/p>\n\n\n\n<p>No estado do Rio de Janeiro como um todo, est\u00e3o suspensos jogos de futebol, sess\u00f5es de cinema e de teatro e at\u00e9 festas, seguindo orienta\u00e7\u00f5es do governador Wilson Witzel.\u00a0Confira a lista de restri\u00e7\u00f5es.<\/p>\n\n\n\n<h2 class=\"wp-block-heading\">Outro estados:<\/h2>\n\n\n\n<p><strong>Acre (AC) &#8211;<\/strong>\u00a0na sexta (20), o governador do estado determinou a\u00a0suspens\u00e3o de atividades\u00a0em shoppings, bares, restaurantes, lanchonetes, circos, parques, entre outros estabelecimentos. Na capital, Rio Branco, e nas outras cidades, s\u00f3 devem ficar abertos hospitais, farm\u00e1cias, empresas de delivery, mercados e supermercados.<\/p>\n\n\n\n<p><strong>Alagoas (AL)<\/strong>\u00a0&#8211; o com\u00e9rcio de Macei\u00f3\u00a0fechou na sexta-feira (20), por um per\u00edodo de 10 dias.<\/p>\n\n\n\n<p><strong>Amap\u00e1 (AP)\u00a0<\/strong>&#8211; em todo o estado, apenas os\u00a0segmentos de extrema necessidade\u00a0est\u00e3o autorizados a funcionar, como farm\u00e1cias e supermercados, e desde que atendam a normas que evitem a aglomera\u00e7\u00e3o de pessoas.<\/p>\n\n\n\n<p><strong>Amazonas (AM)\u00a0<\/strong>&#8211; est\u00e1\u00a0suspenso, pelo prazo de 15 dias, o atendimento ao p\u00fablico em geral de todos os restaurantes, bares, lanchonetes, pra\u00e7as de alimenta\u00e7\u00e3o e similares da capital, Manaus, e demais cidades. Fica suspenso o funcionamento de todas as boates, casas de shows, casas de eventos e de recep\u00e7\u00f5es, sal\u00f5es de festas, inclusive privados, parques de divers\u00e3o, circos e estabelecimentos similares.<\/p>\n\n\n\n<p><strong>Bahia (BA)\u00a0<\/strong>&#8211; o prefeito de Salvador anunciou, na segunda-feira (23), a\u00a0suspens\u00e3o do funcionamento\u00a0de bares e restaurantes da capital baiana.<\/p>\n\n\n\n<p><strong>Cear\u00e1 (CE)\u00a0<\/strong>&#8211; o governo determinou a\u00a0suspens\u00e3o por 10 dias\u00a0do funcionamento de bares, barracas de praia, restaurantes, lanchonetes, templos e igrejas, museus, academias de gin\u00e1stica, feiras livres, lojas que prestem servi\u00e7o de natureza privada, galerias e centros comerciais. A medida come\u00e7ou a valer na quinta-feira (19).<\/p>\n\n\n\n<p><strong>Distrito Federal (DF)\u00a0<\/strong>&#8211; o governador\u00a0decretou o fechamento\u00a0de shoppings, feiras e da maioria dos estabelecimentos comerciais para evitar aglomera\u00e7\u00f5es de pessoas. O governo do DF tamb\u00e9m determinou o fechamento de ag\u00eancias banc\u00e1rias e pede que os correntistas usem os caixas eletr\u00f4nicos, aplicativos e site.<\/p>\n\n\n\n<p><strong>Esp\u00edrito Santo (ES)\u00a0<\/strong>&#8211; o governador determinou, a partir de s\u00e1bado (21), o\u00a0fechamento do com\u00e9rcio durante 15 dias. Restaurantes e lanchonetes s\u00f3 poder\u00e3o funcionar at\u00e9 as 16h para atendimento presencial. A suspens\u00e3o n\u00e3o impede que o estabelecimento comercial realize entrega de produtos.<\/p>\n\n\n\n<p><strong>Goi\u00e1s (GO)\u00a0<\/strong>&#8211; decreto do dia 20 de mar\u00e7o especifica\u00a0quais lojas e estabelecimentos comerciais podem ficar abertos. Entre eles est\u00e3o hospitais, cemit\u00e9rios, supermercados, postos de combust\u00edveis, distribuidoras de g\u00e1s e bancos. Shoppings e lojas devem ser fechados, por ao menos 15 dias, a partir de 19 de mar\u00e7o.<\/p>\n\n\n\n<p><strong>Maranh\u00e3o (MA)\u00a0<\/strong>&#8211; o governador do Maranh\u00e3o decidiu adotar o decreto que visa a\u00a0interrup\u00e7\u00e3o das atividades comerciais\u00a0de um modo geral, com exce\u00e7\u00f5es dos servi\u00e7os essenciais que s\u00e3o o mercado de alimentos, combust\u00edveis e atividades relacionadas \u00e0 sa\u00fade.<\/p>\n\n\n\n<p><strong>Mato Grosso (MT)\u00a0<\/strong>&#8211; na capital, Cuiab\u00e1, entre 23 de mar\u00e7o e 5 de abril,\u00a0devem ser fechados todos e quaisquer estabelecimentos, inclusive bares, igrejas, academias, clubes, shoppings, feiras e exposi\u00e7\u00f5es em geral. Apenas dever\u00e3o ficar abertos mercado, postos de combust\u00edvel, hospitais e atividades essenciais. Restaurantes podem fazer entregas em domic\u00edlio.<\/p>\n\n\n\n<p><strong>Mato Grosso do Sul (MS)\u00a0<\/strong>&#8211; em Campo Grande, e em v\u00e1rios outros munic\u00edpios,\u00a0o com\u00e9rcio em geral est\u00e1 fechado. Ficam abertos apenas servi\u00e7os essenciais como: mercados, lojas de conveni\u00eancia e farm\u00e1cias, respeitando o hor\u00e1rio determinado pelo toque de recolher.<\/p>\n\n\n\n<p><strong>Minas Gerais (MG)<\/strong>\u00a0&#8211; desde sexta-feira (20), a prefeitura de Belo Horizonte\u00a0suspendeu os alvar\u00e1s\u00a0de todas as casas de shows, boates, danceterias, sal\u00f5es de dan\u00e7a, feiras, exposi\u00e7\u00f5es, congressos, semin\u00e1rios, shoppings centers, centros de com\u00e9rcio e galerias de lojas, cinemas, teatros, clubes, academias, cl\u00ednicas de est\u00e9tica, sal\u00f5es de beleza, parques de divers\u00e3o, parques tem\u00e1ticos, bares, restaurantes e lanchonetes.<\/p>\n\n\n\n<p><strong>Par\u00e1 (PA)\u00a0<\/strong>&#8211; o governador do estado anunciou, na sexta-feira (20), o\u00a0fechamento de todos os bares, restaurantes e shoppings. A medida ser\u00e1 aplicada por tempo indeterminado. De acordo com o governador, farm\u00e1cias, supermercados e laborat\u00f3rios continuam funcionando normalmente.<\/p>\n\n\n\n<p><strong>Para\u00edba (PB)\u00a0<\/strong>&#8211; na sexta-feira (20), o prefeito de Jo\u00e3o Pessoa\u00a0determinou o fechamento\u00a0de bares, restaurantes, lanchonetes, clubes sociais, sal\u00f5es de beleza, cl\u00ednicas de est\u00e9tica, casas noturnas, de festas ou de espet\u00e1culos. A decis\u00e3o \u00e9 v\u00e1lida por 15 dias, podendo ser prorrogada.<\/p>\n\n\n\n<p><strong>Paran\u00e1 (PR)\u00a0<\/strong>&#8211; decreto do governo do estado permite o funcionamento de 25\u00a0atividades.\u00a0Supermercados, bancos, postos de combust\u00edveis e revendedores de g\u00e1s, por exemplo, est\u00e3o autorizados a manter as atividades em centros comerciais e galerias, assim como estabelecimentos que fornecem alimenta\u00e7\u00e3o exclusivamente para entrega em domic\u00edlio. Shoppings e academias foram\u00a0fechados.<\/p>\n\n\n\n<p><strong>Pernambuco (PE)<\/strong><\/p>\n\n\n\n<p><strong>Piau\u00ed (PI):\u00a0<\/strong>o governo do Piau\u00ed decretou suspens\u00e3o de todas as\u00a0atividades comerciais e de presta\u00e7\u00e3o de servi\u00e7os\u00a0no estado. Permanecem funcionando apenas servi\u00e7os essenciais.<\/p>\n\n\n\n<p><strong>Rio Grande do Norte (RN)<\/strong><\/p>\n\n\n\n<p><strong>Rio Grande do Sul (RS)<\/strong><\/p>\n\n\n\n<p><strong>Rond\u00f4nia (RO)<\/strong><\/p>\n\n\n\n<p><strong>Roraima (RR)<\/strong><\/p>\n\n\n\n<p><strong>Santa Catarina (SC)<\/strong><\/p>\n\n\n\n<p><strong>Sergipe (SE)&nbsp;<\/strong>&#8211; decreto suspendeuatividades e servi\u00e7os privados n\u00e3o essenciais, a exemplo de academias, shopping centers, galerias, boutiques, clubes, boites, casas de espet\u00e1culos, sal\u00e3o de beleza e cl\u00ednicas de est\u00e9tica, al\u00e9m do com\u00e9rcio em geral.<\/p>\n\n\n\n<p><strong>Tocantins (TO)<\/strong><\/p>\n","protected":false},"excerpt":{"rendered":"<p>A quarentena obrigat\u00f3ria para o com\u00e9rcio e servi\u00e7os considerados n\u00e3o essenciais come\u00e7ou a valer nas cidades de S\u00e3o Paulo e do Rio de Janeiro a&hellip; <\/p>\n","protected":false},"author":1,"featured_media":159946,"comment_status":"closed","ping_status":"closed","sticky":false,"template":"","format":"standard","meta":{"sfsi_plus_gutenberg_text_before_share":"","sfsi_plus_gutenberg_show_text_before_share":"","sfsi_plus_gutenberg_icon_type":"","sfsi_plus_gutenberg_icon_alignemt":"","sfsi_plus_gutenburg_max_per_row":"","footnotes":""},"categories":[50,16],"tags":[],"class_list":["post-159941","post","type-post","status-publish","format-standard","has-post-thumbnail","hentry","category-destaque","category-saude"],"_links":{"self":[{"href":"https:\/\/www.caririemacao.com\/1\/wp-json\/wp\/v2\/posts\/159941","targetHints":{"allow":["GET"]}}],"collection":[{"href":"https:\/\/www.caririemacao.com\/1\/wp-json\/wp\/v2\/posts"}],"about":[{"href":"https:\/\/www.caririemacao.com\/1\/wp-json\/wp\/v2\/types\/post"}],"author":[{"embeddable":true,"href":"https:\/\/www.caririemacao.com\/1\/wp-json\/wp\/v2\/users\/1"}],"replies":[{"embeddable":true,"href":"https:\/\/www.caririemacao.com\/1\/wp-json\/wp\/v2\/comments?post=159941"}],"version-history":[{"count":1,"href":"https:\/\/www.caririemacao.com\/1\/wp-json\/wp\/v2\/posts\/159941\/revisions"}],"predecessor-version":[{"id":159947,"href":"https:\/\/www.caririemacao.com\/1\/wp-json\/wp\/v2\/posts\/159941\/revisions\/159947"}],"wp:featuredmedia":[{"embeddable":true,"href":"https:\/\/www.caririemacao.com\/1\/wp-json\/wp\/v2\/media\/159946"}],"wp:attachment":[{"href":"https:\/\/www.caririemacao.com\/1\/wp-json\/wp\/v2\/media?parent=159941"}],"wp:term":[{"taxonomy":"category","embeddable":true,"href":"https:\/\/www.caririemacao.com\/1\/wp-json\/wp\/v2\/categories?post=159941"},{"taxonomy":"post_tag","embeddable":true,"href":"https:\/\/www.caririemacao.com\/1\/wp-json\/wp\/v2\/tags?post=159941"}],"curies":[{"name":"wp","href":"https:\/\/api.w.org\/{rel}","templated":true}]}}