{"id":159948,"date":"2020-03-24T13:05:53","date_gmt":"2020-03-24T16:05:53","guid":{"rendered":"http:\/\/www.caririemacao.com\/1\/?p=159948"},"modified":"2020-03-24T13:05:54","modified_gmt":"2020-03-24T16:05:54","slug":"coronavirus-eduardo-costa-doara-r-25-milhoes-para-combater-pandemia","status":"publish","type":"post","link":"https:\/\/www.caririemacao.com\/1\/2020\/03\/24\/coronavirus-eduardo-costa-doara-r-25-milhoes-para-combater-pandemia\/","title":{"rendered":"Coronav\u00edrus: Eduardo Costa doar\u00e1 R$ 2,5 milh\u00f5es para combater pandemia"},"content":{"rendered":"\n<p>Eduardo Costa ir\u00e1 doar mais de R$ 2,5 milh\u00f5es para o SUS na inten\u00e7\u00e3o de ajudar no combate ao\u00a0coronav\u00edrus.<\/p>\n\n\n\n<p>Segundo a edi\u00e7\u00e3o do Fofocalizando exibido na \u00faltima segunda-feira (23), o m\u00fasico ainda vai abrir m\u00e3o dos direitos autorais das pr\u00f3prias m\u00fasicas enquanto o pa\u00eds tiver combatendo a pandemia. O valor tamb\u00e9m ser\u00e1 repassado para o Sistema \u00danico de Sa\u00fade.<\/p>\n\n\n\n<p>O cantor confirmou a a\u00e7\u00e3o, mas preferiu n\u00e3o entrar em detalhes. Com isso, Eduardo se une a Xuxa, que doou R$ 1 milh\u00e3o para a causa.<br><\/p>\n","protected":false},"excerpt":{"rendered":"<p>Eduardo Costa ir\u00e1 doar mais de R$ 2,5 milh\u00f5es para o SUS na inten\u00e7\u00e3o de ajudar no combate ao\u00a0coronav\u00edrus. Segundo a edi\u00e7\u00e3o do Fofocalizando exibido&hellip; <\/p>\n","protected":false},"author":1,"featured_media":159949,"comment_status":"closed","ping_status":"closed","sticky":false,"template":"","format":"standard","meta":{"sfsi_plus_gutenberg_text_before_share":"","sfsi_plus_gutenberg_show_text_before_share":"","sfsi_plus_gutenberg_icon_type":"","sfsi_plus_gutenberg_icon_alignemt":"","sfsi_plus_gutenburg_max_per_row":"","footnotes":""},"categories":[50,16],"tags":[],"class_list":["post-159948","post","type-post","status-publish","format-standard","has-post-thumbnail","hentry","category-destaque","category-saude"],"_links":{"self":[{"href":"https:\/\/www.caririemacao.com\/1\/wp-json\/wp\/v2\/posts\/159948","targetHints":{"allow":["GET"]}}],"collection":[{"href":"https:\/\/www.caririemacao.com\/1\/wp-json\/wp\/v2\/posts"}],"about":[{"href":"https:\/\/www.caririemacao.com\/1\/wp-json\/wp\/v2\/types\/post"}],"author":[{"embeddable":true,"href":"https:\/\/www.caririemacao.com\/1\/wp-json\/wp\/v2\/users\/1"}],"replies":[{"embeddable":true,"href":"https:\/\/www.caririemacao.com\/1\/wp-json\/wp\/v2\/comments?post=159948"}],"version-history":[{"count":1,"href":"https:\/\/www.caririemacao.com\/1\/wp-json\/wp\/v2\/posts\/159948\/revisions"}],"predecessor-version":[{"id":159950,"href":"https:\/\/www.caririemacao.com\/1\/wp-json\/wp\/v2\/posts\/159948\/revisions\/159950"}],"wp:featuredmedia":[{"embeddable":true,"href":"https:\/\/www.caririemacao.com\/1\/wp-json\/wp\/v2\/media\/159949"}],"wp:attachment":[{"href":"https:\/\/www.caririemacao.com\/1\/wp-json\/wp\/v2\/media?parent=159948"}],"wp:term":[{"taxonomy":"category","embeddable":true,"href":"https:\/\/www.caririemacao.com\/1\/wp-json\/wp\/v2\/categories?post=159948"},{"taxonomy":"post_tag","embeddable":true,"href":"https:\/\/www.caririemacao.com\/1\/wp-json\/wp\/v2\/tags?post=159948"}],"curies":[{"name":"wp","href":"https:\/\/api.w.org\/{rel}","templated":true}]}}