{"id":159951,"date":"2020-03-24T13:17:35","date_gmt":"2020-03-24T16:17:35","guid":{"rendered":"http:\/\/www.caririemacao.com\/1\/?p=159951"},"modified":"2020-03-24T13:24:01","modified_gmt":"2020-03-24T16:24:01","slug":"governo-pretende-criar-centro-de-monitoramento-para-impacto-da-covid-19","status":"publish","type":"post","link":"https:\/\/www.caririemacao.com\/1\/2020\/03\/24\/governo-pretende-criar-centro-de-monitoramento-para-impacto-da-covid-19\/","title":{"rendered":"Governo pretende criar centro de monitoramento para impacto da covid-19"},"content":{"rendered":"\n<p>O governo federal vai criar, por meio de decreto que ser\u00e1 publicado ainda nesta ter\u00e7a-feira (24), o Centro de Coordena\u00e7\u00e3o de Opera\u00e7\u00f5es, que ser\u00e1 dentro do Comit\u00ea de Crise para Supervis\u00e3o e Monitoramentodos Impactos da covid-19.<\/p>\n\n\n\n<p>A cria\u00e7\u00e3o n\u00e3o prev\u00ea novas contrata\u00e7\u00f5es, apenas far\u00e1 a designa\u00e7\u00e3o de pessoal de v\u00e1rios \u00f3rg\u00e3os e entidades para atuarem junto \u00e0 Casa Civil na coordena\u00e7\u00e3o e monitoramento das quest\u00f5es geradas pela pandemia.PUBLICIDADE<\/p>\n\n\n\n<p>Os servidores destacados, segundo o governo, manter\u00e3o o v\u00ednculo e a subordina\u00e7\u00e3o com os departamentos onde trabalham e atuar\u00e3o junto \u00e0 Casa Civil como representantes dos \u00f3rg\u00e3os e entidades para a mat\u00e9ria.<\/p>\n\n\n\n<p>Conforme a necessidade, informa o governo, os servidores poder\u00e3o ser dispensados das atribui\u00e7\u00f5es nos \u00f3rg\u00e3os e entidades de origem para trabalhar, presencialmente no Planalto ou em teletrabalho, diretamente nas quest\u00f5es do Comit\u00ea de Crise para Supervis\u00e3o e Monitoramento dos Impactos da covid-19.<\/p>\n\n\n\n<p>Com Portal R7<br><\/p>\n","protected":false},"excerpt":{"rendered":"<p>O governo federal vai criar, por meio de decreto que ser\u00e1 publicado ainda nesta ter\u00e7a-feira (24), o Centro de Coordena\u00e7\u00e3o de Opera\u00e7\u00f5es, que ser\u00e1 dentro&hellip; <\/p>\n","protected":false},"author":1,"featured_media":111426,"comment_status":"closed","ping_status":"closed","sticky":false,"template":"","format":"standard","meta":{"sfsi_plus_gutenberg_text_before_share":"","sfsi_plus_gutenberg_show_text_before_share":"","sfsi_plus_gutenberg_icon_type":"","sfsi_plus_gutenberg_icon_alignemt":"","sfsi_plus_gutenburg_max_per_row":"","footnotes":""},"categories":[50,16],"tags":[],"class_list":["post-159951","post","type-post","status-publish","format-standard","has-post-thumbnail","hentry","category-destaque","category-saude"],"_links":{"self":[{"href":"https:\/\/www.caririemacao.com\/1\/wp-json\/wp\/v2\/posts\/159951","targetHints":{"allow":["GET"]}}],"collection":[{"href":"https:\/\/www.caririemacao.com\/1\/wp-json\/wp\/v2\/posts"}],"about":[{"href":"https:\/\/www.caririemacao.com\/1\/wp-json\/wp\/v2\/types\/post"}],"author":[{"embeddable":true,"href":"https:\/\/www.caririemacao.com\/1\/wp-json\/wp\/v2\/users\/1"}],"replies":[{"embeddable":true,"href":"https:\/\/www.caririemacao.com\/1\/wp-json\/wp\/v2\/comments?post=159951"}],"version-history":[{"count":2,"href":"https:\/\/www.caririemacao.com\/1\/wp-json\/wp\/v2\/posts\/159951\/revisions"}],"predecessor-version":[{"id":159953,"href":"https:\/\/www.caririemacao.com\/1\/wp-json\/wp\/v2\/posts\/159951\/revisions\/159953"}],"wp:featuredmedia":[{"embeddable":true,"href":"https:\/\/www.caririemacao.com\/1\/wp-json\/wp\/v2\/media\/111426"}],"wp:attachment":[{"href":"https:\/\/www.caririemacao.com\/1\/wp-json\/wp\/v2\/media?parent=159951"}],"wp:term":[{"taxonomy":"category","embeddable":true,"href":"https:\/\/www.caririemacao.com\/1\/wp-json\/wp\/v2\/categories?post=159951"},{"taxonomy":"post_tag","embeddable":true,"href":"https:\/\/www.caririemacao.com\/1\/wp-json\/wp\/v2\/tags?post=159951"}],"curies":[{"name":"wp","href":"https:\/\/api.w.org\/{rel}","templated":true}]}}