{"id":159957,"date":"2020-03-24T13:58:39","date_gmt":"2020-03-24T16:58:39","guid":{"rendered":"http:\/\/www.caririemacao.com\/1\/?p=159957"},"modified":"2020-03-24T13:58:41","modified_gmt":"2020-03-24T16:58:41","slug":"paraiba-confirma-3-caso-de-coronavirus","status":"publish","type":"post","link":"https:\/\/www.caririemacao.com\/1\/2020\/03\/24\/paraiba-confirma-3-caso-de-coronavirus\/","title":{"rendered":"Para\u00edba confirma 3\u00b0 caso de coronav\u00edrus"},"content":{"rendered":"\n<p>A Secretaria de Estado da Sa\u00fade (SES) anunciou na manh\u00e3 desta ter\u00e7a-feira (24) o terceiro caso confirmado de coronav\u00edrus na Para\u00edba. A paciente se trata de uma mulher, 31 anos, residente em Jo\u00e3o Pessoa com hist\u00f3rico de viagem para S\u00e3o Paulo no dia 14 de mar\u00e7o.<\/p>\n\n\n\n<p>Ela retornou a Jo\u00e3o Pessoa no dia 16 de mar\u00e7o. Ao apresentar os primeiros sintomas, entrou em contato com a SES, que procedeu com a testagem para a Covid-19. A paciente segue em isolamento domiciliar, sendo monitorada pela vigil\u00e2ncia municipal, de acordo com SES.<\/p>\n\n\n\n<p>Os outros dois casos confirmados na Para\u00edba s\u00e3o de\u00a0um homem de 60 anos, morador da cidade de Igaracy, a cerca de 454 km de Jo\u00e3o Pessoa, no Sert\u00e3o paraibano, e de\u00a0um outro idoso, tamb\u00e9m de 60 anos, morador de Jo\u00e3o Pessoa.<\/p>\n\n\n\n<p>De acordo com o secret\u00e1rio de sa\u00fade da Para\u00edba, Geraldo Medeiros, a paciente est\u00e1 bem clinicamente. &#8220;Ela pertence aquele grupo de 80% das pessoas com coronav\u00edrus que evoluem com sintomas de uma s\u00edndrome gripal, sintomas leves que regridem espontaneamente&#8221;, comentou.<\/p>\n\n\n\n<p>Ainda de acordo com Geraldo Medeiros, o resultado do exame que identificou o terceiro caso confirmado foi proveniente de uma testagem feita no Laborat\u00f3rio Central de Sa\u00fade P\u00fablica da Para\u00edba (Lacen-PB).<\/p>\n\n\n\n<blockquote class=\"wp-block-quote is-layout-flow wp-block-quote-is-layout-flow\"><p>&#8220;Iniciamos na segunda-feira a realiza\u00e7\u00e3o dos exames para o coronav\u00edrus na Para\u00edba no Lacen, laborat\u00f3rio pr\u00f3prio do governo do estado. Tivemos 22 resultados ontem, 21 casos descartados e um foi confirmado. Nesta ter\u00e7a estamos realizando 40 exames e \u00e0 tarde teremos os resultados desses exames&#8221;, explicou.<\/p><\/blockquote>\n\n\n\n<p>De acordo com Geraldo Medeiros, a aplica\u00e7\u00e3o desses exames na Para\u00edba vai permitir uma maior celeridade na emiss\u00e3o de resultados de exames e a consequente divulga\u00e7\u00e3o para popula\u00e7\u00e3o.<\/p>\n","protected":false},"excerpt":{"rendered":"<p>A Secretaria de Estado da Sa\u00fade (SES) anunciou na manh\u00e3 desta ter\u00e7a-feira (24) o terceiro caso confirmado de coronav\u00edrus na Para\u00edba. A paciente se trata&hellip; <\/p>\n","protected":false},"author":1,"featured_media":157640,"comment_status":"closed","ping_status":"closed","sticky":false,"template":"","format":"standard","meta":{"sfsi_plus_gutenberg_text_before_share":"","sfsi_plus_gutenberg_show_text_before_share":"","sfsi_plus_gutenberg_icon_type":"","sfsi_plus_gutenberg_icon_alignemt":"","sfsi_plus_gutenburg_max_per_row":"","footnotes":""},"categories":[6,50,16],"tags":[],"class_list":["post-159957","post","type-post","status-publish","format-standard","has-post-thumbnail","hentry","category-cidades","category-destaque","category-saude"],"_links":{"self":[{"href":"https:\/\/www.caririemacao.com\/1\/wp-json\/wp\/v2\/posts\/159957","targetHints":{"allow":["GET"]}}],"collection":[{"href":"https:\/\/www.caririemacao.com\/1\/wp-json\/wp\/v2\/posts"}],"about":[{"href":"https:\/\/www.caririemacao.com\/1\/wp-json\/wp\/v2\/types\/post"}],"author":[{"embeddable":true,"href":"https:\/\/www.caririemacao.com\/1\/wp-json\/wp\/v2\/users\/1"}],"replies":[{"embeddable":true,"href":"https:\/\/www.caririemacao.com\/1\/wp-json\/wp\/v2\/comments?post=159957"}],"version-history":[{"count":1,"href":"https:\/\/www.caririemacao.com\/1\/wp-json\/wp\/v2\/posts\/159957\/revisions"}],"predecessor-version":[{"id":159959,"href":"https:\/\/www.caririemacao.com\/1\/wp-json\/wp\/v2\/posts\/159957\/revisions\/159959"}],"wp:featuredmedia":[{"embeddable":true,"href":"https:\/\/www.caririemacao.com\/1\/wp-json\/wp\/v2\/media\/157640"}],"wp:attachment":[{"href":"https:\/\/www.caririemacao.com\/1\/wp-json\/wp\/v2\/media?parent=159957"}],"wp:term":[{"taxonomy":"category","embeddable":true,"href":"https:\/\/www.caririemacao.com\/1\/wp-json\/wp\/v2\/categories?post=159957"},{"taxonomy":"post_tag","embeddable":true,"href":"https:\/\/www.caririemacao.com\/1\/wp-json\/wp\/v2\/tags?post=159957"}],"curies":[{"name":"wp","href":"https:\/\/api.w.org\/{rel}","templated":true}]}}