{"id":159961,"date":"2020-03-24T14:06:15","date_gmt":"2020-03-24T17:06:15","guid":{"rendered":"http:\/\/www.caririemacao.com\/1\/?p=159961"},"modified":"2020-03-24T14:06:16","modified_gmt":"2020-03-24T17:06:16","slug":"acude-do-congo-ultrapassa-metade-de-sua-capacidade-de-agua-com-ultimas-chuvas-caidas","status":"publish","type":"post","link":"https:\/\/www.caririemacao.com\/1\/2020\/03\/24\/acude-do-congo-ultrapassa-metade-de-sua-capacidade-de-agua-com-ultimas-chuvas-caidas\/","title":{"rendered":"A\u00e7ude do Congo ultrapassa metade de sua capacidade de \u00e1gua com \u00faltimas chuvas ca\u00eddas"},"content":{"rendered":"\n<p>Com as fortes chuvas registradas na regi\u00e3o do Cariri paraibano durante os \u00faltimos dias, o A\u00e7ude Cordeiro, localizado no munic\u00edpio do Congo, recebeu uma recarga consider\u00e1vel, ultrapassando a metade de sua capacidade total.<\/p>\n\n\n\n<div class=\"wp-block-image\"><figure class=\"alignright\"><img decoding=\"async\" data-src=\"http:\/\/deolhonocariri.com.br\/wp-content\/uploads\/2020\/03\/congo.jpg\" alt=\"\" class=\"wp-image-79662 lazyload\" src=\"data:image\/svg+xml;base64,PHN2ZyB3aWR0aD0iMSIgaGVpZ2h0PSIxIiB4bWxucz0iaHR0cDovL3d3dy53My5vcmcvMjAwMC9zdmciPjwvc3ZnPg==\" \/><\/figure><\/div>\n\n\n\n<p>Com as chuvas registradas na regi\u00e3o de S\u00e3o Sebasti\u00e3o do Umbuzeiro nesta segunda-feira(23), o manancial teve aumento de 2 metros e 48 cent\u00edmetros na l\u00e2mina d\u2019\u00e1gua nas \u00faltimas 24 horas.<\/p>\n\n\n\n<p>Do m\u00eas de janeiro at\u00e9 o momento, o reservat\u00f3rio j\u00e1 aumentou 8,65m de altura em sua recarga de \u00e1gua, faltando apenas 3,77 metros para atingir sua capacidade total.<\/p>\n\n\n\n<p>Em dados colhidos pelo Portal de Olho no Cariri nesta ter\u00e7a, o a\u00e7ude do Congo chegou a 51,10% da capacidade, representando um volume atual de 35.752.570 m\u00b3 de \u00e1gua. O reservat\u00f3rio tem capacidade de armazenar cerca de 69.965.945 m\u00b3 (sessenta e nove milh\u00f5es, novecentos e sessenta e cinco mil, novecentos e quarenta e cinco metros c\u00fabicos de \u00e1gua).<\/p>\n\n\n\n<p>O a\u00e7ude \u00e9 respons\u00e1vel pelo abastecimento do Congo e de outras cidades da regi\u00e3o, sendo o maior reservat\u00f3rio do Cariri.<\/p>\n\n\n\n<p><strong>De Olho no Cariri<\/strong><\/p>\n","protected":false},"excerpt":{"rendered":"<p>Com as fortes chuvas registradas na regi\u00e3o do Cariri paraibano durante os \u00faltimos dias, o A\u00e7ude Cordeiro, localizado no munic\u00edpio do Congo, recebeu uma recarga&hellip; <\/p>\n","protected":false},"author":2,"featured_media":159962,"comment_status":"closed","ping_status":"closed","sticky":false,"template":"","format":"standard","meta":{"sfsi_plus_gutenberg_text_before_share":"","sfsi_plus_gutenberg_show_text_before_share":"","sfsi_plus_gutenberg_icon_type":"","sfsi_plus_gutenberg_icon_alignemt":"","sfsi_plus_gutenburg_max_per_row":"","footnotes":""},"categories":[6],"tags":[],"class_list":["post-159961","post","type-post","status-publish","format-standard","has-post-thumbnail","hentry","category-cidades"],"_links":{"self":[{"href":"https:\/\/www.caririemacao.com\/1\/wp-json\/wp\/v2\/posts\/159961","targetHints":{"allow":["GET"]}}],"collection":[{"href":"https:\/\/www.caririemacao.com\/1\/wp-json\/wp\/v2\/posts"}],"about":[{"href":"https:\/\/www.caririemacao.com\/1\/wp-json\/wp\/v2\/types\/post"}],"author":[{"embeddable":true,"href":"https:\/\/www.caririemacao.com\/1\/wp-json\/wp\/v2\/users\/2"}],"replies":[{"embeddable":true,"href":"https:\/\/www.caririemacao.com\/1\/wp-json\/wp\/v2\/comments?post=159961"}],"version-history":[{"count":1,"href":"https:\/\/www.caririemacao.com\/1\/wp-json\/wp\/v2\/posts\/159961\/revisions"}],"predecessor-version":[{"id":159963,"href":"https:\/\/www.caririemacao.com\/1\/wp-json\/wp\/v2\/posts\/159961\/revisions\/159963"}],"wp:featuredmedia":[{"embeddable":true,"href":"https:\/\/www.caririemacao.com\/1\/wp-json\/wp\/v2\/media\/159962"}],"wp:attachment":[{"href":"https:\/\/www.caririemacao.com\/1\/wp-json\/wp\/v2\/media?parent=159961"}],"wp:term":[{"taxonomy":"category","embeddable":true,"href":"https:\/\/www.caririemacao.com\/1\/wp-json\/wp\/v2\/categories?post=159961"},{"taxonomy":"post_tag","embeddable":true,"href":"https:\/\/www.caririemacao.com\/1\/wp-json\/wp\/v2\/tags?post=159961"}],"curies":[{"name":"wp","href":"https:\/\/api.w.org\/{rel}","templated":true}]}}