{"id":159966,"date":"2020-03-24T14:08:16","date_gmt":"2020-03-24T17:08:16","guid":{"rendered":"http:\/\/www.caririemacao.com\/1\/?p=159966"},"modified":"2020-03-24T14:18:10","modified_gmt":"2020-03-24T17:18:10","slug":"justica-decide-que-energisa-nao-podera-cortar-energia-de-paraibanos-durante-pandemia-de-coronavirus","status":"publish","type":"post","link":"https:\/\/www.caririemacao.com\/1\/2020\/03\/24\/justica-decide-que-energisa-nao-podera-cortar-energia-de-paraibanos-durante-pandemia-de-coronavirus\/","title":{"rendered":"Justi\u00e7a decide que Energisa n\u00e3o poder\u00e1 cortar energia de paraibanos durante pandemia de Coronav\u00edrus"},"content":{"rendered":"\n<div class=\"wp-block-image\"><figure class=\"aligncenter\"><img decoding=\"async\" data-src=\"http:\/\/deolhonocariri.com.br\/wp-content\/uploads\/2020\/03\/energiarede.jpg\" alt=\"\" class=\"wp-image-79655 lazyload\" src=\"data:image\/svg+xml;base64,PHN2ZyB3aWR0aD0iMSIgaGVpZ2h0PSIxIiB4bWxucz0iaHR0cDovL3d3dy53My5vcmcvMjAwMC9zdmciPjwvc3ZnPg==\" \/><\/figure><\/div>\n\n\n\n<p>A Justi\u00e7a da Para\u00edba decidiu que&nbsp;Energisa n\u00e3o poder\u00e1 cortar energia de paraibanos durante pandemia de Coronav\u00edrus.&nbsp;De acordo com a decis\u00e3o, deve ser religada a energia de todas as unidades consumidoras que foram cortadas, desde a data que foi decretada o per\u00edodo de calamidade p\u00fablica,&nbsp;especialmente dos que se enquadrem na \u201cTarifa Social Baixa Renda\u201d, e daqueles comprovadamente desempregados.<\/p>\n\n\n\n<p>A decis\u00e3o foi do juiz de Direito,&nbsp;Carlos Eduardo Leite Lisboa e fica restrita a cidade de Jo\u00e3o Pessoa. O processo foi movido pela Defensoria P\u00fablica da Para\u00edba.<\/p>\n\n\n\n<p>De acordo com juiz, no&nbsp;Senado Federal tramita Projeto de Lei,&nbsp;com id\u00eantico pedido \u2013suspens\u00e3o de cortes no fornecimento de servi\u00e7os essenciais enquanto durar o estado de calamidade.&nbsp;A proposta tem como objetivo evitar o corte dos servi\u00e7os b\u00e1sicos em decorr\u00eancia de atraso no pagamento das faturas desses servi\u00e7os durante o estado de calamidade p\u00fablica reconhecido nesta sexta-feira (20) pelo Congresso Nacional na pandemia do coronav\u00edrus.<\/p>\n\n\n\n<p>Ainda de acordo com a decis\u00e3o, a Energisa tem um prazo de 72h para cumprir a decis\u00e3o,&nbsp;sob pena de multa di\u00e1ria de R$ 5 mil por&nbsp;consumidor, limitada a 10 dias.<\/p>\n\n\n\n<figure class=\"wp-block-image\"><img decoding=\"async\" data-src=\"http:\/\/deolhonocariri.com.br\/wp-content\/uploads\/2020\/03\/doc_01.jpg\" alt=\"\" class=\"wp-image-79650 lazyload\" src=\"data:image\/svg+xml;base64,PHN2ZyB3aWR0aD0iMSIgaGVpZ2h0PSIxIiB4bWxucz0iaHR0cDovL3d3dy53My5vcmcvMjAwMC9zdmciPjwvc3ZnPg==\" \/><\/figure>\n\n\n\n<p>AUTOR: DEFENSORIA PUBLICA DO ESTADO DA PARAIBA<\/p>\n\n\n\n<figure class=\"wp-block-image\"><img decoding=\"async\" data-src=\"http:\/\/deolhonocariri.com.br\/wp-content\/uploads\/2020\/03\/doc_02.jpg\" alt=\"\" class=\"wp-image-79651 lazyload\" src=\"data:image\/svg+xml;base64,PHN2ZyB3aWR0aD0iMSIgaGVpZ2h0PSIxIiB4bWxucz0iaHR0cDovL3d3dy53My5vcmcvMjAwMC9zdmciPjwvc3ZnPg==\" \/><\/figure>\n\n\n\n<p>AUTOR: DEFENSORIA PUBLICA DO ESTADO DA PARAIBA<\/p>\n\n\n\n<figure class=\"wp-block-image\"><img decoding=\"async\" data-src=\"http:\/\/deolhonocariri.com.br\/wp-content\/uploads\/2020\/03\/doc_03.jpg\" alt=\"\" class=\"wp-image-79652 lazyload\" src=\"data:image\/svg+xml;base64,PHN2ZyB3aWR0aD0iMSIgaGVpZ2h0PSIxIiB4bWxucz0iaHR0cDovL3d3dy53My5vcmcvMjAwMC9zdmciPjwvc3ZnPg==\" \/><\/figure>\n\n\n\n<p>AUTOR: DEFENSORIA PUBLICA DO ESTADO DA PARAIBA<\/p>\n\n\n\n<figure class=\"wp-block-image\"><img decoding=\"async\" data-src=\"http:\/\/deolhonocariri.com.br\/wp-content\/uploads\/2020\/03\/doc_04.jpg\" alt=\"\" class=\"wp-image-79653 lazyload\" src=\"data:image\/svg+xml;base64,PHN2ZyB3aWR0aD0iMSIgaGVpZ2h0PSIxIiB4bWxucz0iaHR0cDovL3d3dy53My5vcmcvMjAwMC9zdmciPjwvc3ZnPg==\" \/><\/figure>\n\n\n\n<p>AUTOR: DEFENSORIA PUBLICA DO ESTADO DA PARAIBA<\/p>\n\n\n\n<figure class=\"wp-block-image\"><img decoding=\"async\" data-src=\"http:\/\/deolhonocariri.com.br\/wp-content\/uploads\/2020\/03\/doc_05.jpg\" alt=\"\" class=\"wp-image-79654 lazyload\" src=\"data:image\/svg+xml;base64,PHN2ZyB3aWR0aD0iMSIgaGVpZ2h0PSIxIiB4bWxucz0iaHR0cDovL3d3dy53My5vcmcvMjAwMC9zdmciPjwvc3ZnPg==\" \/><\/figure>\n\n\n\n<p>AUTOR: DEFENSORIA PUBLICA DO ESTADO DA PARAIBA<\/p>\n\n\n\n<p><em>Click PB<\/em><\/p>\n","protected":false},"excerpt":{"rendered":"<p>A Justi\u00e7a da Para\u00edba decidiu que&nbsp;Energisa n\u00e3o poder\u00e1 cortar energia de paraibanos durante pandemia de Coronav\u00edrus.&nbsp;De acordo com a decis\u00e3o, deve ser religada a energia&hellip; <\/p>\n","protected":false},"author":2,"featured_media":100922,"comment_status":"closed","ping_status":"closed","sticky":false,"template":"","format":"standard","meta":{"sfsi_plus_gutenberg_text_before_share":"","sfsi_plus_gutenberg_show_text_before_share":"","sfsi_plus_gutenberg_icon_type":"","sfsi_plus_gutenberg_icon_alignemt":"","sfsi_plus_gutenburg_max_per_row":"","footnotes":""},"categories":[6],"tags":[],"class_list":["post-159966","post","type-post","status-publish","format-standard","has-post-thumbnail","hentry","category-cidades"],"_links":{"self":[{"href":"https:\/\/www.caririemacao.com\/1\/wp-json\/wp\/v2\/posts\/159966","targetHints":{"allow":["GET"]}}],"collection":[{"href":"https:\/\/www.caririemacao.com\/1\/wp-json\/wp\/v2\/posts"}],"about":[{"href":"https:\/\/www.caririemacao.com\/1\/wp-json\/wp\/v2\/types\/post"}],"author":[{"embeddable":true,"href":"https:\/\/www.caririemacao.com\/1\/wp-json\/wp\/v2\/users\/2"}],"replies":[{"embeddable":true,"href":"https:\/\/www.caririemacao.com\/1\/wp-json\/wp\/v2\/comments?post=159966"}],"version-history":[{"count":2,"href":"https:\/\/www.caririemacao.com\/1\/wp-json\/wp\/v2\/posts\/159966\/revisions"}],"predecessor-version":[{"id":159983,"href":"https:\/\/www.caririemacao.com\/1\/wp-json\/wp\/v2\/posts\/159966\/revisions\/159983"}],"wp:featuredmedia":[{"embeddable":true,"href":"https:\/\/www.caririemacao.com\/1\/wp-json\/wp\/v2\/media\/100922"}],"wp:attachment":[{"href":"https:\/\/www.caririemacao.com\/1\/wp-json\/wp\/v2\/media?parent=159966"}],"wp:term":[{"taxonomy":"category","embeddable":true,"href":"https:\/\/www.caririemacao.com\/1\/wp-json\/wp\/v2\/categories?post=159966"},{"taxonomy":"post_tag","embeddable":true,"href":"https:\/\/www.caririemacao.com\/1\/wp-json\/wp\/v2\/tags?post=159966"}],"curies":[{"name":"wp","href":"https:\/\/api.w.org\/{rel}","templated":true}]}}