{"id":159974,"date":"2020-03-24T14:11:09","date_gmt":"2020-03-24T17:11:09","guid":{"rendered":"http:\/\/www.caririemacao.com\/1\/?p=159974"},"modified":"2020-03-24T14:11:11","modified_gmt":"2020-03-24T17:11:11","slug":"prefeitura-de-sao-sebastiao-do-umbuzeiro-realiza-vacinacao-de-idosos-contra-a-gripe-em-domicilio","status":"publish","type":"post","link":"https:\/\/www.caririemacao.com\/1\/2020\/03\/24\/prefeitura-de-sao-sebastiao-do-umbuzeiro-realiza-vacinacao-de-idosos-contra-a-gripe-em-domicilio\/","title":{"rendered":"Prefeitura de S\u00e3o Sebasti\u00e3o do Umbuzeiro realiza vacina\u00e7\u00e3o de idosos contra a gripe, em domic\u00edlio"},"content":{"rendered":"\n<figure class=\"wp-block-image\"><img decoding=\"async\" data-src=\"https:\/\/scontent.fcpv1-1.fna.fbcdn.net\/v\/t1.0-9\/s960x960\/90057943_722478341619443_7344341419860951040_o.jpg?_nc_cat=107&amp;_nc_sid=9e2e56&amp;_nc_eui2=AeF6G7d7-rdr55Cmm8bT85audn-p4b8wLUrVHFMfNuKo7FKm7_D1-cvzmpxhpTqwTLEAe7W1T8I5nk9xVQlWJZ1oJgunJfvS86IgkmR-kPusGw&amp;_nc_ohc=5V_dv5OJUKIAX_qf83U&amp;_nc_ht=scontent.fcpv1-1.fna&amp;_nc_tp=7&amp;oh=a5f4e060bddf69ebeaed963a6454e6f8&amp;oe=5EA062A3\" alt=\"A imagem pode conter: texto\" src=\"data:image\/svg+xml;base64,PHN2ZyB3aWR0aD0iMSIgaGVpZ2h0PSIxIiB4bWxucz0iaHR0cDovL3d3dy53My5vcmcvMjAwMC9zdmciPjwvc3ZnPg==\" class=\"lazyload\" \/><\/figure>\n\n\n\n<p>A Prefeitura S\u00e3o Sebasti\u00e3o do Umbuzeiro iniciou nesta segunda feira, 23, a campanha de vacina\u00e7\u00e3o contra a influenza, a chamada vacina\u00e7\u00e3o contra a gripe.<\/p>\n\n\n\n<p><br>E diante da preocupa\u00e7\u00e3o com as medidas de conten\u00e7\u00e3o do v\u00edrus da COVID-19, e tamb\u00e9m como forma de levar mais conforto e seguran\u00e7a para este p\u00fablico, a secretaria de sa\u00fade decidiu realizar a vacina\u00e7\u00e3o no domicilio dos idosos.<\/p>\n\n\n\n<p><br>A iniciativa foi bastante elogiada, e as equipes est\u00e3o sendo muito bem recebidas em todas as resid\u00eancias por onde t\u00eam passado.<\/p>\n\n\n\n<p><br>Ser\u00e3o realizadas mais duas etapas em datas e para p\u00fablicos diferentes, alcan\u00e7ando cerca de 67,6 milh\u00f5es de pessoas em todo o pa\u00eds. A meta \u00e9 vacinar, pelo menos, 90% de cada um desses grupos, at\u00e9 o dia 22 de maio.<\/p>\n\n\n\n<p><br>Neste ano, o Minist\u00e9rio da Sa\u00fade mudou o in\u00edcio da campanha, de abril para mar\u00e7o, para proteger de forma antecipada os p\u00fablicos priorit\u00e1rios contra os v\u00edrus mais comuns da gripe.<\/p>\n\n\n\n<p><br>Confira na arte acima, mais informa\u00e7\u00f5es e o calend\u00e1rio completo de vacina\u00e7\u00e3o para os demais p\u00fablicos alvo.<\/p>\n\n\n\n<p><br>F\u00c1BIO BRITO<\/p>\n","protected":false},"excerpt":{"rendered":"<p>A Prefeitura S\u00e3o Sebasti\u00e3o do Umbuzeiro iniciou nesta segunda feira, 23, a campanha de vacina\u00e7\u00e3o contra a influenza, a chamada vacina\u00e7\u00e3o contra a gripe. E&hellip; <\/p>\n","protected":false},"author":2,"featured_media":153376,"comment_status":"closed","ping_status":"closed","sticky":false,"template":"","format":"standard","meta":{"sfsi_plus_gutenberg_text_before_share":"","sfsi_plus_gutenberg_show_text_before_share":"","sfsi_plus_gutenberg_icon_type":"","sfsi_plus_gutenberg_icon_alignemt":"","sfsi_plus_gutenburg_max_per_row":"","footnotes":""},"categories":[16],"tags":[],"class_list":["post-159974","post","type-post","status-publish","format-standard","has-post-thumbnail","hentry","category-saude"],"_links":{"self":[{"href":"https:\/\/www.caririemacao.com\/1\/wp-json\/wp\/v2\/posts\/159974","targetHints":{"allow":["GET"]}}],"collection":[{"href":"https:\/\/www.caririemacao.com\/1\/wp-json\/wp\/v2\/posts"}],"about":[{"href":"https:\/\/www.caririemacao.com\/1\/wp-json\/wp\/v2\/types\/post"}],"author":[{"embeddable":true,"href":"https:\/\/www.caririemacao.com\/1\/wp-json\/wp\/v2\/users\/2"}],"replies":[{"embeddable":true,"href":"https:\/\/www.caririemacao.com\/1\/wp-json\/wp\/v2\/comments?post=159974"}],"version-history":[{"count":1,"href":"https:\/\/www.caririemacao.com\/1\/wp-json\/wp\/v2\/posts\/159974\/revisions"}],"predecessor-version":[{"id":159975,"href":"https:\/\/www.caririemacao.com\/1\/wp-json\/wp\/v2\/posts\/159974\/revisions\/159975"}],"wp:featuredmedia":[{"embeddable":true,"href":"https:\/\/www.caririemacao.com\/1\/wp-json\/wp\/v2\/media\/153376"}],"wp:attachment":[{"href":"https:\/\/www.caririemacao.com\/1\/wp-json\/wp\/v2\/media?parent=159974"}],"wp:term":[{"taxonomy":"category","embeddable":true,"href":"https:\/\/www.caririemacao.com\/1\/wp-json\/wp\/v2\/categories?post=159974"},{"taxonomy":"post_tag","embeddable":true,"href":"https:\/\/www.caririemacao.com\/1\/wp-json\/wp\/v2\/tags?post=159974"}],"curies":[{"name":"wp","href":"https:\/\/api.w.org\/{rel}","templated":true}]}}