{"id":159978,"date":"2020-03-24T14:13:05","date_gmt":"2020-03-24T17:13:05","guid":{"rendered":"http:\/\/www.caririemacao.com\/1\/?p=159978"},"modified":"2020-03-24T14:13:08","modified_gmt":"2020-03-24T17:13:08","slug":"prefeito-de-zabele-decreta-estado-de-calamidade-publica","status":"publish","type":"post","link":"https:\/\/www.caririemacao.com\/1\/2020\/03\/24\/prefeito-de-zabele-decreta-estado-de-calamidade-publica\/","title":{"rendered":"Prefeito de Zabel\u00ea decreta estado de calamidade p\u00fablica"},"content":{"rendered":"\n<p>O prefeito do munic\u00edpio de Zabel\u00ea, Dalyson Neves (PSDB),\u00a0\u00a0decretou estado de calamidade p\u00fablica em virtude da pandemia mundial ocasionada pelo avan\u00e7o do COVID -19 at\u00e9 31 de dezembro de 2020.<\/p>\n\n\n\n<p><br>Com a declara\u00e7\u00e3o de estado de calamidade p\u00fablica e o reconhecimento por parte dos outros entes federativos, ou seja, Governo Federal e o Governo do Estado vai fazer com que a\u00e7\u00f5es conjuntas possam acontecer contra o novo coronav\u00edrus.<\/p>\n\n\n\n<p><br>Na pr\u00e1tica, o decreto vai permitir a desburocratiza\u00e7\u00e3o para que a gest\u00e3o municipal possa colocar a disposi\u00e7\u00e3o dos cidad\u00e3os zabeleenses as medidas com a urg\u00eancia que a situa\u00e7\u00e3o requer.<\/p>\n\n\n\n<p><br>A flexibiliza\u00e7\u00e3o que o decreto 009 de 22 de mar\u00e7o de 2020 estabelece permite a efetiva, eficiente e eficaz implementa\u00e7\u00e3o das medidas de preven\u00e7\u00e3o contra o COVID-19 e, assim, garantir mais tranquilidade aos mun\u00edcipes.<\/p>\n","protected":false},"excerpt":{"rendered":"<p>O prefeito do munic\u00edpio de Zabel\u00ea, Dalyson Neves (PSDB),\u00a0\u00a0decretou estado de calamidade p\u00fablica em virtude da pandemia mundial ocasionada pelo avan\u00e7o do COVID -19 at\u00e9&hellip; <\/p>\n","protected":false},"author":2,"featured_media":10352,"comment_status":"closed","ping_status":"closed","sticky":false,"template":"","format":"standard","meta":{"sfsi_plus_gutenberg_text_before_share":"","sfsi_plus_gutenberg_show_text_before_share":"","sfsi_plus_gutenberg_icon_type":"","sfsi_plus_gutenberg_icon_alignemt":"","sfsi_plus_gutenburg_max_per_row":"","footnotes":""},"categories":[6],"tags":[],"class_list":["post-159978","post","type-post","status-publish","format-standard","has-post-thumbnail","hentry","category-cidades"],"_links":{"self":[{"href":"https:\/\/www.caririemacao.com\/1\/wp-json\/wp\/v2\/posts\/159978","targetHints":{"allow":["GET"]}}],"collection":[{"href":"https:\/\/www.caririemacao.com\/1\/wp-json\/wp\/v2\/posts"}],"about":[{"href":"https:\/\/www.caririemacao.com\/1\/wp-json\/wp\/v2\/types\/post"}],"author":[{"embeddable":true,"href":"https:\/\/www.caririemacao.com\/1\/wp-json\/wp\/v2\/users\/2"}],"replies":[{"embeddable":true,"href":"https:\/\/www.caririemacao.com\/1\/wp-json\/wp\/v2\/comments?post=159978"}],"version-history":[{"count":1,"href":"https:\/\/www.caririemacao.com\/1\/wp-json\/wp\/v2\/posts\/159978\/revisions"}],"predecessor-version":[{"id":159979,"href":"https:\/\/www.caririemacao.com\/1\/wp-json\/wp\/v2\/posts\/159978\/revisions\/159979"}],"wp:featuredmedia":[{"embeddable":true,"href":"https:\/\/www.caririemacao.com\/1\/wp-json\/wp\/v2\/media\/10352"}],"wp:attachment":[{"href":"https:\/\/www.caririemacao.com\/1\/wp-json\/wp\/v2\/media?parent=159978"}],"wp:term":[{"taxonomy":"category","embeddable":true,"href":"https:\/\/www.caririemacao.com\/1\/wp-json\/wp\/v2\/categories?post=159978"},{"taxonomy":"post_tag","embeddable":true,"href":"https:\/\/www.caririemacao.com\/1\/wp-json\/wp\/v2\/tags?post=159978"}],"curies":[{"name":"wp","href":"https:\/\/api.w.org\/{rel}","templated":true}]}}