{"id":159987,"date":"2020-03-24T16:58:26","date_gmt":"2020-03-24T19:58:26","guid":{"rendered":"http:\/\/www.caririemacao.com\/1\/?p=159987"},"modified":"2020-03-24T16:58:27","modified_gmt":"2020-03-24T19:58:27","slug":"brasil-chega-a-46-o-numero-de-mortes-por-coronavirus","status":"publish","type":"post","link":"https:\/\/www.caririemacao.com\/1\/2020\/03\/24\/brasil-chega-a-46-o-numero-de-mortes-por-coronavirus\/","title":{"rendered":"Brasil: chega a 46 o n\u00famero de mortes por coronav\u00edrus"},"content":{"rendered":"\n<p>O balan\u00e7o mais recente da covid-19 no pa\u00eds, divulgado pelo Minist\u00e9rio da Sa\u00fade na tarde desta ter\u00e7a-feira (24), contabiliza 46 mortes\u00a0relacionadas ao novo coronav\u00edrus. O pa\u00eds tem 2.210 casos confirmados.\u00a0<\/p>\n\n\n\n<p>Nas \u00faltimas 24 horas, foram notificados ao Minist\u00e9rio da Sa\u00fade 310 novos casos e 12 novas mortes.&nbsp;<\/p>\n\n\n\n<p>O estado de S\u00e3o Paulo tem 810 casos confirmados e 40 mortes. Em seguida, aparece o Rio de Janeiro, com 305 confirma\u00e7\u00f5es e seis \u00f3bitos.<\/p>\n\n\n\n<p>O Cear\u00e1 tem 182 pessoas com diagn\u00f3stico confirmado de covid-19; o Distrito Federal, 160; e Minas Gerais, 130.\u00a0<\/p>\n\n\n\n<p>Hoje faz exatamente quatro semanas desde que foi confirmado o primeiro caso de covid-19 no pa\u00eds, e uma semana desde a primeira morte pela doen\u00e7a.&nbsp;<\/p>\n\n\n\n<p>Na \u00faltima sexta-feira, o Minist\u00e9rio da Sa\u00fade informou que existe\u00a0transmiss\u00e3o comunit\u00e1ria do v\u00edrus\u00a0em todo o pa\u00eds. Todas as unidades da federa\u00e7\u00e3o t\u00eam casos confirmados da doen\u00e7a.\u00a0<\/p>\n\n\n\n<p>S\u00e3o Paulo, estado com maior n\u00famero de diagn\u00f3sticos confirmados de infec\u00e7\u00e3o por coronav\u00edrus, tinha, at\u00e9 ontem,\u00a070 pacientes internados em unidades de terapia intensiva, informou mais cedo o secret\u00e1rio estadual da Sa\u00fade, Jos\u00e9 Henrique Germann.\u00a0<\/p>\n\n\n\n<p>Com R7 Not\u00edcias<\/p>\n","protected":false},"excerpt":{"rendered":"<p>O balan\u00e7o mais recente da covid-19 no pa\u00eds, divulgado pelo Minist\u00e9rio da Sa\u00fade na tarde desta ter\u00e7a-feira (24), contabiliza 46 mortes\u00a0relacionadas ao novo coronav\u00edrus. O&hellip; <\/p>\n","protected":false},"author":1,"featured_media":158597,"comment_status":"closed","ping_status":"closed","sticky":false,"template":"","format":"standard","meta":{"sfsi_plus_gutenberg_text_before_share":"","sfsi_plus_gutenberg_show_text_before_share":"","sfsi_plus_gutenberg_icon_type":"","sfsi_plus_gutenberg_icon_alignemt":"","sfsi_plus_gutenburg_max_per_row":"","footnotes":""},"categories":[50,16],"tags":[],"class_list":["post-159987","post","type-post","status-publish","format-standard","has-post-thumbnail","hentry","category-destaque","category-saude"],"_links":{"self":[{"href":"https:\/\/www.caririemacao.com\/1\/wp-json\/wp\/v2\/posts\/159987","targetHints":{"allow":["GET"]}}],"collection":[{"href":"https:\/\/www.caririemacao.com\/1\/wp-json\/wp\/v2\/posts"}],"about":[{"href":"https:\/\/www.caririemacao.com\/1\/wp-json\/wp\/v2\/types\/post"}],"author":[{"embeddable":true,"href":"https:\/\/www.caririemacao.com\/1\/wp-json\/wp\/v2\/users\/1"}],"replies":[{"embeddable":true,"href":"https:\/\/www.caririemacao.com\/1\/wp-json\/wp\/v2\/comments?post=159987"}],"version-history":[{"count":1,"href":"https:\/\/www.caririemacao.com\/1\/wp-json\/wp\/v2\/posts\/159987\/revisions"}],"predecessor-version":[{"id":159988,"href":"https:\/\/www.caririemacao.com\/1\/wp-json\/wp\/v2\/posts\/159987\/revisions\/159988"}],"wp:featuredmedia":[{"embeddable":true,"href":"https:\/\/www.caririemacao.com\/1\/wp-json\/wp\/v2\/media\/158597"}],"wp:attachment":[{"href":"https:\/\/www.caririemacao.com\/1\/wp-json\/wp\/v2\/media?parent=159987"}],"wp:term":[{"taxonomy":"category","embeddable":true,"href":"https:\/\/www.caririemacao.com\/1\/wp-json\/wp\/v2\/categories?post=159987"},{"taxonomy":"post_tag","embeddable":true,"href":"https:\/\/www.caririemacao.com\/1\/wp-json\/wp\/v2\/tags?post=159987"}],"curies":[{"name":"wp","href":"https:\/\/api.w.org\/{rel}","templated":true}]}}