{"id":159989,"date":"2020-03-24T17:12:23","date_gmt":"2020-03-24T20:12:23","guid":{"rendered":"http:\/\/www.caririemacao.com\/1\/?p=159989"},"modified":"2020-03-24T17:12:24","modified_gmt":"2020-03-24T20:12:24","slug":"sao-paulo-sistema-prisional-ira-produzir-320-mil-novas-mascaras","status":"publish","type":"post","link":"https:\/\/www.caririemacao.com\/1\/2020\/03\/24\/sao-paulo-sistema-prisional-ira-produzir-320-mil-novas-mascaras\/","title":{"rendered":"S\u00e3o Paulo: Sistema prisional ir\u00e1 produzir 320 mil novas m\u00e1scaras"},"content":{"rendered":"\n<p>O governador do estado de S\u00e3o Paulo, Jo\u00e3o Doria, afirmou em coletiva de imprensa, realizada no in\u00edcio da tarde desta ter\u00e7a-feira (24), que presos de todo o sistema prisional do estado v\u00e3o produzir 320 mil novas m\u00e1scaras de prote\u00e7\u00e3o\u00a0contra o novo Coronav\u00edrus\u00a0em f\u00e1bricas adaptadas a partir desta quarta-feira (25). Segundo o governador, as pe\u00e7as ter\u00e3o um custo de 80 centavos por unidade.<\/p>\n\n\n\n<p>A SAP (Secretaria da Administra\u00e7\u00e3o Penitenci\u00e1ria) afirmou que adquiriu insumos para produ\u00e7\u00e3o de 320 mil m\u00e1scaras descart\u00e1veis de prote\u00e7\u00e3o. A previs\u00e3o do governo \u00e9 que sejam produzidas 26 mil pe\u00e7as por dia nas f\u00e1bricas para a produ\u00e7\u00e3o dos equipamentos.<\/p>\n\n\n\n<p>Cerca de 200 presos de v\u00e1rias regi\u00f5es do estado, de penitenci\u00e1rias masculinas e femininas, v\u00e3o confeccionar os materiais descart\u00e1veis para uso em procedimentos simples n\u00e3o-cir\u00fargicos.<\/p>\n\n\n\n<p>&#8220;Ser\u00e3o produzidas 26 mil pe\u00e7as por dia, seguindo os crit\u00e9rios sanit\u00e1rios e de confec\u00e7\u00e3o para a produ\u00e7\u00e3o destas m\u00e1scaras, que ter\u00e3o um custo para o Governo de S\u00e3o Paulo de R$ 0,80 por pe\u00e7a&#8221;, afirmou Doria.<\/p>\n\n\n\n<p>Segundo o governo estadual, a Funda\u00e7\u00e3o Prof. Dr. Manoel Pedro Pimentel (Funap), vinculada \u00e0 Secretaria da Administra\u00e7\u00e3o Penitenci\u00e1ria, come\u00e7a hoje a confec\u00e7\u00e3o em oficinas nas Penitenci\u00e1rias Femininas I e II de Trememb\u00e9. Nessas unidades, a produ\u00e7\u00e3o di\u00e1ria ser\u00e1 de 18 mil pe\u00e7as, com 121 m\u00e1quinas em opera\u00e7\u00e3o.<\/p>\n\n\n\n<p>O governo prev\u00ea ainda que, ainda nesta semana, a Penitenci\u00e1ria Feminina de Tupi Paulista e a Penitenci\u00e1ria Masculina de Andradina tamb\u00e9m comecem a fabricar os equipamentos. Em Tupi Paulista, a produ\u00e7\u00e3o ser\u00e1, segundo o governo, de 5,4 mil pe\u00e7as por dia, com 36 m\u00e1quinas; em Andradina, 2,6 mil pe\u00e7as por dia, com 19 m\u00e1quinas em funcionamento.<\/p>\n\n\n\n<p>Na pr\u00f3xima semana, a previs\u00e3o \u00e9 que seja alcan\u00e7ada a capacidade total de produ\u00e7\u00e3o de 26 mil pe\u00e7as por dia. O governo disse ainda que as f\u00e1bricas tiveram seu parque fabril adaptado para a confec\u00e7\u00e3o. As oficinas foram higienizadas e foi criado um protocolo de entrada para garantir a higiene das pe\u00e7as, feitas em TNT duplo. As m\u00e1scaras ser\u00e3o vendidas a pre\u00e7o de custo.<\/p>\n\n\n\n<p><strong>Casos confirmados, mortes e medidas<\/strong><\/p>\n\n\n\n<p>Doria afirmou ainda que o estado de S\u00e3o Paulo registra, at\u00e9 esta ter\u00e7a-feira, registrou 745 casos confirmados e 30 mortes por coronav\u00edrus. Al\u00e9m disso, 645 munic\u00edpios do estado est\u00e3o em quarentena.<\/p>\n\n\n\n<p>O governo do estado afirmou ainda, durante a coletiva, que a Pol\u00edcia Civil far\u00e1 registros de boletim de ocorr\u00eancia por meios eletr\u00f4nicos para evitar a dissemina\u00e7\u00e3o da covid-19, doen\u00e7a originada pelo novo coronav\u00edrus.&nbsp;<\/p>\n\n\n\n<p>Doria anunciou ainda outras medidas para o combate da pandemia. Ele pediu \u00e0s\u00a0concession\u00e1rias de energia el\u00e9trica do estado a isen\u00e7\u00e3o no pagamento de contas\u00a0de luz para consumidores de baixa renda e a n\u00e3o realiza\u00e7\u00e3o de cortes de fornecimento at\u00e9 o dia 30 de julho por conta da pandemia do novo coronav\u00edrus.<\/p>\n\n\n\n<p>A solicita\u00e7\u00e3o foi tamb\u00e9m feita a Anel (Ag\u00eancia Nacional de Energia El\u00e9trica) na segunda-feira. A expectativa do governo paulista \u00e9 ter um retorno at\u00e9 quarta-feira (25).<\/p>\n\n\n\n<p>O governador descartou, neste momento, a necesidade do toque de recolher e recomendou \u00e0 popula\u00e7\u00e3o fazer compras online e se informar por meios de comunica\u00e7\u00e3o e por fontes oficiais, como o governo do estado e o governo federal.<\/p>\n\n\n\n<p><strong>Reuni\u00e3o com governadores e governo federal<\/strong><\/p>\n\n\n\n<p>Doria afirmou que na quarta-feira (25), governadores dos estados do sudeste far\u00e3o reuni\u00e3o com o presidente Jair Bolsonaro e alguns ministros. A reuni\u00e3o deve ocorrer das 9h \u00e0s 10h. &#8220;Este \u00e9 o melhor caminho para o Brasil.&#8221; O governador afirmou que &#8220;h\u00e1 15 meses que os governadores n\u00e3o tem reuni\u00e3o com o presidente da rep\u00fablica.&#8221;<\/p>\n\n\n\n<p><strong>Exame negativo<\/strong><\/p>\n\n\n\n<p>O governador Jo\u00e3o Doria afirmou no in\u00edcio da coletiva de imprensa que seu exame para detectar o coronav\u00edrus deu negativo. Ele realizou o exame ap\u00f3s o m\u00e9dico e ent\u00e3o coordenador do Comit\u00ea de Combate ao Coronav\u00edrus de S\u00e3o Paulo, David Uip, ter testado positivo.<\/p>\n\n\n\n<p>Doria refor\u00e7ou que nesta ter\u00e7a-feira (24), come\u00e7a a quarentena que tem prazo de 15 dias em S\u00e3o Paulo e est\u00e1 em vigor at\u00e9 7 de abril. &#8220;Tenho certeza de que a popula\u00e7\u00e3o de S\u00e3o Paulo saber\u00e1 respeitar as medidas recomendadas. Elas s\u00e3o anunciadas diariamente para reduzir os efeitos de s\u00e1ude e economicos&#8221;<\/p>\n","protected":false},"excerpt":{"rendered":"<p>O governador do estado de S\u00e3o Paulo, Jo\u00e3o Doria, afirmou em coletiva de imprensa, realizada no in\u00edcio da tarde desta ter\u00e7a-feira (24), que presos de&hellip; <\/p>\n","protected":false},"author":1,"featured_media":159990,"comment_status":"closed","ping_status":"closed","sticky":false,"template":"","format":"standard","meta":{"sfsi_plus_gutenberg_text_before_share":"","sfsi_plus_gutenberg_show_text_before_share":"","sfsi_plus_gutenberg_icon_type":"","sfsi_plus_gutenberg_icon_alignemt":"","sfsi_plus_gutenburg_max_per_row":"","footnotes":""},"categories":[50,16],"tags":[],"class_list":["post-159989","post","type-post","status-publish","format-standard","has-post-thumbnail","hentry","category-destaque","category-saude"],"_links":{"self":[{"href":"https:\/\/www.caririemacao.com\/1\/wp-json\/wp\/v2\/posts\/159989","targetHints":{"allow":["GET"]}}],"collection":[{"href":"https:\/\/www.caririemacao.com\/1\/wp-json\/wp\/v2\/posts"}],"about":[{"href":"https:\/\/www.caririemacao.com\/1\/wp-json\/wp\/v2\/types\/post"}],"author":[{"embeddable":true,"href":"https:\/\/www.caririemacao.com\/1\/wp-json\/wp\/v2\/users\/1"}],"replies":[{"embeddable":true,"href":"https:\/\/www.caririemacao.com\/1\/wp-json\/wp\/v2\/comments?post=159989"}],"version-history":[{"count":1,"href":"https:\/\/www.caririemacao.com\/1\/wp-json\/wp\/v2\/posts\/159989\/revisions"}],"predecessor-version":[{"id":159991,"href":"https:\/\/www.caririemacao.com\/1\/wp-json\/wp\/v2\/posts\/159989\/revisions\/159991"}],"wp:featuredmedia":[{"embeddable":true,"href":"https:\/\/www.caririemacao.com\/1\/wp-json\/wp\/v2\/media\/159990"}],"wp:attachment":[{"href":"https:\/\/www.caririemacao.com\/1\/wp-json\/wp\/v2\/media?parent=159989"}],"wp:term":[{"taxonomy":"category","embeddable":true,"href":"https:\/\/www.caririemacao.com\/1\/wp-json\/wp\/v2\/categories?post=159989"},{"taxonomy":"post_tag","embeddable":true,"href":"https:\/\/www.caririemacao.com\/1\/wp-json\/wp\/v2\/tags?post=159989"}],"curies":[{"name":"wp","href":"https:\/\/api.w.org\/{rel}","templated":true}]}}