{"id":159992,"date":"2020-03-24T17:22:59","date_gmt":"2020-03-24T20:22:59","guid":{"rendered":"http:\/\/www.caririemacao.com\/1\/?p=159992"},"modified":"2020-03-24T17:23:01","modified_gmt":"2020-03-24T20:23:01","slug":"espanha-chega-a-2-282-mortes-e-comeca-a-ter-problemas-para-enterrar-mortos-por-covid-19","status":"publish","type":"post","link":"https:\/\/www.caririemacao.com\/1\/2020\/03\/24\/espanha-chega-a-2-282-mortes-e-comeca-a-ter-problemas-para-enterrar-mortos-por-covid-19\/","title":{"rendered":"Espanha chega a 2.282 mortes e come\u00e7a a ter problemas para enterrar mortos por covid-19"},"content":{"rendered":"\n<p>Com empresas funer\u00e1rias saturadas, Madri utilizar\u00e1 o Palacio de Hielo, um centro comercial com pista de patina\u00e7\u00e3o no gelo, como uma alternativa de necrot\u00e9rio para os corpos de algumas pessoas que morreram devido \u00e0\u00a0covid-19.<\/p>\n\n\n\n<p>Nesta segunda-feira (23), a Espanha chegou a 2.182 mortes pela doen\u00e7a transmitida pelo novo coronav\u00edrus. Al\u00e9m disso, 33.089 pessoas foram infectadas, segundo dados do Minist\u00e9rio da Sa\u00fade, que mostram que o aumento relatado a cada dia est\u00e1 sendo gradualmente atenuado. No entanto, especialistas advertem que ainda n\u00e3o t\u00eam certeza de que a pandemia tenha atingido seu auge no pa\u00eds.<\/p>\n\n\n\n<p>Madri \u00e9 a regi\u00e3o da Espanha mais afetada pela covid-19, com 1.263 mortes, das quais 242 foram registradas entre domingo e segunda-feira, dia em que come\u00e7ou a funcionar um enorme hospital de campanha, cuja capacidade aumentar\u00e1 gradualmente para 5.500 leitos para aliviar a satura\u00e7\u00e3o dos demais centros m\u00e9dicos da capital espanhola.<\/p>\n\n\n\n<p>A decis\u00e3o de abrigar os corpos no Palacio de Hielo foi apoiada pelo prefeito de Madri, Jos\u00e9 Luis Mart\u00ednez-Almeida, que havia informado recentemente ao governo nacional que a funer\u00e1ria municipal, que administra 14 cemit\u00e9rios, n\u00e3o recolher\u00e1 os corpos dos mortos por covid-19 devido \u00e0 falta de equipamentos de prote\u00e7\u00e3o individual para seus trabalhadores.<\/p>\n\n\n\n<p><strong>Cad\u00e1veres em uma pista de patina\u00e7\u00e3o<\/strong><\/p>\n\n\n\n<p>A pista de patina\u00e7\u00e3o que ser\u00e1 usada como necrot\u00e9rio tem 1.800 metros quadrados. Os corpos ser\u00e3o colocados em caix\u00f5es fechados, sobre uma superf\u00edcie &#8220;de material polim\u00e9rico&#8221; para evitar o contato direto com o gelo, segundo um relat\u00f3rio da Secretaria de Sa\u00fade de Madri ao qual a Ag\u00eancia Efe teve acesso.<\/p>\n\n\n\n<p>A decis\u00e3o foi tomada, de acordo com o relat\u00f3rio, &#8220;tendo em conta a escassez de recursos para armazenamento de corpos&#8221; em uma crise que &#8220;envolve um n\u00famero significativo de mortes por dia, que excede os recursos dispon\u00edveis&#8221;.<\/p>\n\n\n\n<p><strong>Refor\u00e7o hospitalar<\/strong><\/p>\n\n\n\n<p>Os cerca de 200 primeiros pacientes com covid-19 come\u00e7aram hoje a chegar ao hospital de campo constru\u00eddo em apenas 48 horas no centro de eventos na capital espanhola que, em dezembro do ano passado, sediou a C\u00fapula Mundial do Clima e, recentemente, a Feira Internacional de Turismo (Fitur).<\/p>\n\n\n\n<p>O hospital, constru\u00eddo em parceria entre os governos municipal, regional e nacional, al\u00e9m das For\u00e7as Armadas, foi concebido para receber progressivamente um total de 5.500 leitos.<\/p>\n\n\n\n<p>Para a primeira etapa, provavelmente na pr\u00f3xima semana, \u00e9 esperado que o hospital atenda a 1.300 pessoas, segundo o diretor da unidade tempor\u00e1ria, Antonio Zapatero. A meta \u00e9 receber pacientes com sintomas menos graves de covid-19.<\/p>\n\n\n\n<p>Ele acrescentou que a previs\u00e3o \u00e9 de que a capacidade do hospital aumente em cerca de 200 pacientes por dia, dependendo da log\u00edstica envolvendo recursos humanos e servi\u00e7os de enfermagem e farm\u00e1cia.<\/p>\n\n\n\n<p><strong>Governo n\u00e3o quer frear economia<\/strong><\/p>\n\n\n\n<p>Depois de tomar no s\u00e1bado passado a decis\u00e3o de prolongar o estado de alerta por mais 15 dias, o governo espanhol refor\u00e7ou nesta segunda-feira aos cidad\u00e3os o pedido para que cumpram &#8220;\u00e0 risca&#8221; todas as restri\u00e7\u00f5es j\u00e1 aprovadas para conter a expans\u00e3o do coronav\u00edrus, como as limita\u00e7\u00f5es &#8220;dr\u00e1sticas&#8221; aos deslocamentos populacionais e \u00e0 atividade econ\u00f4mica.<\/p>\n\n\n\n<p>A vice-presidente de Assuntos Econ\u00f4micos, Nadia Calvi\u00f1o, disse em entrevista coletiva que \u00e9 &#8220;dif\u00edcil entender&#8221; as alega\u00e7\u00f5es de fechamento total da atividade industrial na Espanha quando a economia j\u00e1 est\u00e1 &#8220;muito lenta&#8221; e focada em servi\u00e7os essenciais e na luta contra o coronav\u00edrus.<\/p>\n\n\n\n<p>Com r7.com<\/p>\n","protected":false},"excerpt":{"rendered":"<p>Com empresas funer\u00e1rias saturadas, Madri utilizar\u00e1 o Palacio de Hielo, um centro comercial com pista de patina\u00e7\u00e3o no gelo, como uma alternativa de necrot\u00e9rio para&hellip; <\/p>\n","protected":false},"author":1,"featured_media":159993,"comment_status":"closed","ping_status":"closed","sticky":false,"template":"","format":"standard","meta":{"sfsi_plus_gutenberg_text_before_share":"","sfsi_plus_gutenberg_show_text_before_share":"","sfsi_plus_gutenberg_icon_type":"","sfsi_plus_gutenberg_icon_alignemt":"","sfsi_plus_gutenburg_max_per_row":"","footnotes":""},"categories":[50,16],"tags":[],"class_list":["post-159992","post","type-post","status-publish","format-standard","has-post-thumbnail","hentry","category-destaque","category-saude"],"_links":{"self":[{"href":"https:\/\/www.caririemacao.com\/1\/wp-json\/wp\/v2\/posts\/159992","targetHints":{"allow":["GET"]}}],"collection":[{"href":"https:\/\/www.caririemacao.com\/1\/wp-json\/wp\/v2\/posts"}],"about":[{"href":"https:\/\/www.caririemacao.com\/1\/wp-json\/wp\/v2\/types\/post"}],"author":[{"embeddable":true,"href":"https:\/\/www.caririemacao.com\/1\/wp-json\/wp\/v2\/users\/1"}],"replies":[{"embeddable":true,"href":"https:\/\/www.caririemacao.com\/1\/wp-json\/wp\/v2\/comments?post=159992"}],"version-history":[{"count":1,"href":"https:\/\/www.caririemacao.com\/1\/wp-json\/wp\/v2\/posts\/159992\/revisions"}],"predecessor-version":[{"id":159994,"href":"https:\/\/www.caririemacao.com\/1\/wp-json\/wp\/v2\/posts\/159992\/revisions\/159994"}],"wp:featuredmedia":[{"embeddable":true,"href":"https:\/\/www.caririemacao.com\/1\/wp-json\/wp\/v2\/media\/159993"}],"wp:attachment":[{"href":"https:\/\/www.caririemacao.com\/1\/wp-json\/wp\/v2\/media?parent=159992"}],"wp:term":[{"taxonomy":"category","embeddable":true,"href":"https:\/\/www.caririemacao.com\/1\/wp-json\/wp\/v2\/categories?post=159992"},{"taxonomy":"post_tag","embeddable":true,"href":"https:\/\/www.caririemacao.com\/1\/wp-json\/wp\/v2\/tags?post=159992"}],"curies":[{"name":"wp","href":"https:\/\/api.w.org\/{rel}","templated":true}]}}