{"id":159995,"date":"2020-03-24T18:31:30","date_gmt":"2020-03-24T21:31:30","guid":{"rendered":"http:\/\/www.caririemacao.com\/1\/?p=159995"},"modified":"2020-03-24T18:31:31","modified_gmt":"2020-03-24T21:31:31","slug":"amparo-prefeitura-anuncia-como-sera-realizada-a-entrega-dos-kits-nutricionais","status":"publish","type":"post","link":"https:\/\/www.caririemacao.com\/1\/2020\/03\/24\/amparo-prefeitura-anuncia-como-sera-realizada-a-entrega-dos-kits-nutricionais\/","title":{"rendered":"Amparo: Prefeitura anuncia como ser\u00e1 realizada a entrega dos Kits Nutricionais"},"content":{"rendered":"\n<p>A Prefeitura Municipal de Amparo comunica a todos os pais de alunos, ou respons\u00e1veis, que residem na Zona Rural, que a entrega do Kit Nutricional ser\u00e1 feita da seguinte forma: o \u00f4nibus passar\u00e1 em cada comunidade nos pontos (onde os alunos pegam o \u00f4nibus). Cada respons\u00e1vel receber\u00e1 o kit neste ponto, ser\u00e1 imprescind\u00edvel que o respons\u00e1vel esteja munido do CPF para recebimento. O \u00f4nibus far\u00e1 o percurso em toda zona rural a partir das 08h00min.<\/p>\n\n\n\n<p><br>A entrega ser\u00e1 realizada durante a quarta-feira (25). Para os pais de alunos ou respons\u00e1veis residentes na zona urbana, a entrega ser\u00e1 tamb\u00e9m a partir das 08h00min na Quadra do Col\u00e9gio Ildefonso Anselmo da Silva.<\/p>\n\n\n\n<p><br>Ascom\/Amparo Ligado<\/p>\n","protected":false},"excerpt":{"rendered":"<p>A Prefeitura Municipal de Amparo comunica a todos os pais de alunos, ou respons\u00e1veis, que residem na Zona Rural, que a entrega do Kit Nutricional&hellip; <\/p>\n","protected":false},"author":1,"featured_media":159996,"comment_status":"closed","ping_status":"closed","sticky":false,"template":"","format":"standard","meta":{"sfsi_plus_gutenberg_text_before_share":"","sfsi_plus_gutenberg_show_text_before_share":"","sfsi_plus_gutenberg_icon_type":"","sfsi_plus_gutenberg_icon_alignemt":"","sfsi_plus_gutenburg_max_per_row":"","footnotes":""},"categories":[6,50],"tags":[],"class_list":["post-159995","post","type-post","status-publish","format-standard","has-post-thumbnail","hentry","category-cidades","category-destaque"],"_links":{"self":[{"href":"https:\/\/www.caririemacao.com\/1\/wp-json\/wp\/v2\/posts\/159995","targetHints":{"allow":["GET"]}}],"collection":[{"href":"https:\/\/www.caririemacao.com\/1\/wp-json\/wp\/v2\/posts"}],"about":[{"href":"https:\/\/www.caririemacao.com\/1\/wp-json\/wp\/v2\/types\/post"}],"author":[{"embeddable":true,"href":"https:\/\/www.caririemacao.com\/1\/wp-json\/wp\/v2\/users\/1"}],"replies":[{"embeddable":true,"href":"https:\/\/www.caririemacao.com\/1\/wp-json\/wp\/v2\/comments?post=159995"}],"version-history":[{"count":1,"href":"https:\/\/www.caririemacao.com\/1\/wp-json\/wp\/v2\/posts\/159995\/revisions"}],"predecessor-version":[{"id":159997,"href":"https:\/\/www.caririemacao.com\/1\/wp-json\/wp\/v2\/posts\/159995\/revisions\/159997"}],"wp:featuredmedia":[{"embeddable":true,"href":"https:\/\/www.caririemacao.com\/1\/wp-json\/wp\/v2\/media\/159996"}],"wp:attachment":[{"href":"https:\/\/www.caririemacao.com\/1\/wp-json\/wp\/v2\/media?parent=159995"}],"wp:term":[{"taxonomy":"category","embeddable":true,"href":"https:\/\/www.caririemacao.com\/1\/wp-json\/wp\/v2\/categories?post=159995"},{"taxonomy":"post_tag","embeddable":true,"href":"https:\/\/www.caririemacao.com\/1\/wp-json\/wp\/v2\/tags?post=159995"}],"curies":[{"name":"wp","href":"https:\/\/api.w.org\/{rel}","templated":true}]}}