{"id":159998,"date":"2020-03-24T18:41:54","date_gmt":"2020-03-24T21:41:54","guid":{"rendered":"http:\/\/www.caririemacao.com\/1\/?p=159998"},"modified":"2020-03-24T18:41:56","modified_gmt":"2020-03-24T21:41:56","slug":"cantor-xand-aviao-e-esposa-anunciam-testes-positivos-pro-covid-19","status":"publish","type":"post","link":"https:\/\/www.caririemacao.com\/1\/2020\/03\/24\/cantor-xand-aviao-e-esposa-anunciam-testes-positivos-pro-covid-19\/","title":{"rendered":"Cantor Xand Avi\u00e3o e esposa anunciam testes positivos pro Covid-19"},"content":{"rendered":"\n<p>O cantor Xand Avi\u00e3o e sua esposa, Isabele Temoteo, revelaram nesta ter\u00e7a-feira (24) o resultado positivo para o novo coronav\u00edrus ap\u00f3s exame. Eles fizeram a revela\u00e7\u00e3o atrav\u00e9s de v\u00eddeo publicado nos stories do Instagram.<\/p>\n\n\n\n<p>Logo ap\u00f3s o carnaval, Xand e sua fam\u00edlia viajaram para os Estados Unidos para aproveitar uma temporada de f\u00e9rias. Eles retornaram ao Brasil recentemente e decidiram fazer os exames para detec\u00e7\u00e3o do coronav\u00edrus no dia 16 de mar\u00e7o, ap\u00f3s sentirem alguns sintomas.&nbsp;<\/p>\n\n\n\n<p>O resultado positivo do casal saiu na \u00faltima segunda (23) e nesta ter\u00e7a-feira (24), enquanto o resultado da filha saiu negativo.<\/p>\n\n\n\n<p>Com Blog Bruno Lira<\/p>\n","protected":false},"excerpt":{"rendered":"<p>O cantor Xand Avi\u00e3o e sua esposa, Isabele Temoteo, revelaram nesta ter\u00e7a-feira (24) o resultado positivo para o novo coronav\u00edrus ap\u00f3s exame. Eles fizeram a&hellip; <\/p>\n","protected":false},"author":1,"featured_media":159999,"comment_status":"closed","ping_status":"closed","sticky":false,"template":"","format":"standard","meta":{"sfsi_plus_gutenberg_text_before_share":"","sfsi_plus_gutenberg_show_text_before_share":"","sfsi_plus_gutenberg_icon_type":"","sfsi_plus_gutenberg_icon_alignemt":"","sfsi_plus_gutenburg_max_per_row":"","footnotes":""},"categories":[6,50,16],"tags":[],"class_list":["post-159998","post","type-post","status-publish","format-standard","has-post-thumbnail","hentry","category-cidades","category-destaque","category-saude"],"_links":{"self":[{"href":"https:\/\/www.caririemacao.com\/1\/wp-json\/wp\/v2\/posts\/159998","targetHints":{"allow":["GET"]}}],"collection":[{"href":"https:\/\/www.caririemacao.com\/1\/wp-json\/wp\/v2\/posts"}],"about":[{"href":"https:\/\/www.caririemacao.com\/1\/wp-json\/wp\/v2\/types\/post"}],"author":[{"embeddable":true,"href":"https:\/\/www.caririemacao.com\/1\/wp-json\/wp\/v2\/users\/1"}],"replies":[{"embeddable":true,"href":"https:\/\/www.caririemacao.com\/1\/wp-json\/wp\/v2\/comments?post=159998"}],"version-history":[{"count":1,"href":"https:\/\/www.caririemacao.com\/1\/wp-json\/wp\/v2\/posts\/159998\/revisions"}],"predecessor-version":[{"id":160000,"href":"https:\/\/www.caririemacao.com\/1\/wp-json\/wp\/v2\/posts\/159998\/revisions\/160000"}],"wp:featuredmedia":[{"embeddable":true,"href":"https:\/\/www.caririemacao.com\/1\/wp-json\/wp\/v2\/media\/159999"}],"wp:attachment":[{"href":"https:\/\/www.caririemacao.com\/1\/wp-json\/wp\/v2\/media?parent=159998"}],"wp:term":[{"taxonomy":"category","embeddable":true,"href":"https:\/\/www.caririemacao.com\/1\/wp-json\/wp\/v2\/categories?post=159998"},{"taxonomy":"post_tag","embeddable":true,"href":"https:\/\/www.caririemacao.com\/1\/wp-json\/wp\/v2\/tags?post=159998"}],"curies":[{"name":"wp","href":"https:\/\/api.w.org\/{rel}","templated":true}]}}