{"id":160001,"date":"2020-03-24T18:45:21","date_gmt":"2020-03-24T21:45:21","guid":{"rendered":"http:\/\/www.caririemacao.com\/1\/?p=160001"},"modified":"2020-03-24T18:45:28","modified_gmt":"2020-03-24T21:45:28","slug":"joao-pessoa-morre-secretaria-da-maternidade-frei-damiao-com-sintomas-de-covid-19","status":"publish","type":"post","link":"https:\/\/www.caririemacao.com\/1\/2020\/03\/24\/joao-pessoa-morre-secretaria-da-maternidade-frei-damiao-com-sintomas-de-covid-19\/","title":{"rendered":"Jo\u00e3o Pessoa: morre Secret\u00e1ria da Maternidade Frei Dami\u00e3o, com sintomas de Covid-19"},"content":{"rendered":"\n<p>A secret\u00e1ria da diretoria da Maternidade Frei Dami\u00e3o, Quezia Leite, faleceu nesta ter\u00e7a-feira (24), com suspeita de covid-19. A informa\u00e7\u00e3o foi confirmada pelo secret\u00e1rio de Estado da Sa\u00fade, Geraldo Medeiros.<\/p>\n\n\n\n<p>De acordo com a dire\u00e7\u00e3o da maternidade, Quezia estava afastada do trabalho desde o dia 13 de mar\u00e7o, por recomenda\u00e7\u00e3o m\u00e9dica. O secret\u00e1rio Geraldo Medeiros afirmou que ela ser\u00e1 testada para Covid-19, para confirmar se essa foi a causa da morte. A secretaria divulgou nota de pesar:<\/p>\n\n\n\n<p><strong>Nota de Pesar<\/strong><\/p>\n\n\n\n<p>A Secretaria de Estado da Sa\u00fade se solidariza com a fam\u00edlia e amigos pelo falecimento de Qu\u00e9zia Leite Batista, assessora administrativa da Maternidade Frei Dami\u00e3o, ocorrido nesta ter\u00e7a-feira (24), pela manh\u00e3.<\/p>\n\n\n\n<p>Neste momento de dor, nos solidarizamos com seus familiares, ratificando nosso voto de pesar pela grande perda e agradecimentos \u00e0 dedica\u00e7\u00e3o e trabalho prestado \u00e0 Secretaria de Sa\u00fade nos \u00faltimos anos.<\/p>\n\n\n\n<p>Qu\u00e9zia estava internada em um hospital privado em Jo\u00e3o Pessoa, com notifica\u00e7\u00e3o de suspeita para COVID-19. Seu material j\u00e1 havia sido coletado e est\u00e1 sendo analisado no LACEN-PB. O resultado ser\u00e1 divulgado na tarde desta ter\u00e7a-feira, 24.<\/p>\n\n\n\n<p>Jo\u00e3o Pessoa, 24 de mar\u00e7o de 2020<\/p>\n\n\n\n<p>ClickPB\/ Blog Bruno Lira<\/p>\n","protected":false},"excerpt":{"rendered":"<p>A secret\u00e1ria da diretoria da Maternidade Frei Dami\u00e3o, Quezia Leite, faleceu nesta ter\u00e7a-feira (24), com suspeita de covid-19. A informa\u00e7\u00e3o foi confirmada pelo secret\u00e1rio de&hellip; <\/p>\n","protected":false},"author":1,"featured_media":160002,"comment_status":"closed","ping_status":"closed","sticky":false,"template":"","format":"standard","meta":{"sfsi_plus_gutenberg_text_before_share":"","sfsi_plus_gutenberg_show_text_before_share":"","sfsi_plus_gutenberg_icon_type":"","sfsi_plus_gutenberg_icon_alignemt":"","sfsi_plus_gutenburg_max_per_row":"","footnotes":""},"categories":[6,50,16],"tags":[],"class_list":["post-160001","post","type-post","status-publish","format-standard","has-post-thumbnail","hentry","category-cidades","category-destaque","category-saude"],"_links":{"self":[{"href":"https:\/\/www.caririemacao.com\/1\/wp-json\/wp\/v2\/posts\/160001","targetHints":{"allow":["GET"]}}],"collection":[{"href":"https:\/\/www.caririemacao.com\/1\/wp-json\/wp\/v2\/posts"}],"about":[{"href":"https:\/\/www.caririemacao.com\/1\/wp-json\/wp\/v2\/types\/post"}],"author":[{"embeddable":true,"href":"https:\/\/www.caririemacao.com\/1\/wp-json\/wp\/v2\/users\/1"}],"replies":[{"embeddable":true,"href":"https:\/\/www.caririemacao.com\/1\/wp-json\/wp\/v2\/comments?post=160001"}],"version-history":[{"count":1,"href":"https:\/\/www.caririemacao.com\/1\/wp-json\/wp\/v2\/posts\/160001\/revisions"}],"predecessor-version":[{"id":160003,"href":"https:\/\/www.caririemacao.com\/1\/wp-json\/wp\/v2\/posts\/160001\/revisions\/160003"}],"wp:featuredmedia":[{"embeddable":true,"href":"https:\/\/www.caririemacao.com\/1\/wp-json\/wp\/v2\/media\/160002"}],"wp:attachment":[{"href":"https:\/\/www.caririemacao.com\/1\/wp-json\/wp\/v2\/media?parent=160001"}],"wp:term":[{"taxonomy":"category","embeddable":true,"href":"https:\/\/www.caririemacao.com\/1\/wp-json\/wp\/v2\/categories?post=160001"},{"taxonomy":"post_tag","embeddable":true,"href":"https:\/\/www.caririemacao.com\/1\/wp-json\/wp\/v2\/tags?post=160001"}],"curies":[{"name":"wp","href":"https:\/\/api.w.org\/{rel}","templated":true}]}}