{"id":160005,"date":"2020-03-24T19:12:29","date_gmt":"2020-03-24T22:12:29","guid":{"rendered":"http:\/\/www.caririemacao.com\/1\/?p=160005"},"modified":"2020-03-24T19:12:30","modified_gmt":"2020-03-24T22:12:30","slug":"amparo-visitas-sao-realizadas-pela-secretaria-de-saude-a-recem-chegados","status":"publish","type":"post","link":"https:\/\/www.caririemacao.com\/1\/2020\/03\/24\/amparo-visitas-sao-realizadas-pela-secretaria-de-saude-a-recem-chegados\/","title":{"rendered":"Amparo: visitas s\u00e3o realizadas pela Secretaria de Sa\u00fade a rec\u00e9m-chegados"},"content":{"rendered":"\n<p>A Secret\u00e1ria de Sa\u00fade Ver\u00f4nica Rafael, a Coordenadora de Vigil\u00e2ncia Sanit\u00e1ria e Epidemiol\u00f3gica Aracelly Oliveira e Coordenador de Aten\u00e7\u00e3o B\u00e1sica Dr\u00ba Elvis Bruno. Onde estiveram realizando visitas na tarde desta ter\u00e7a-feira (24), nas casas de todas as pessoas que est\u00e3o na cidade de Amparo e que vieram de outros estados. <\/p>\n\n\n\n<figure class=\"wp-block-image size-large\"><img fetchpriority=\"high\" decoding=\"async\" width=\"640\" height=\"481\" src=\"http:\/\/www.caririemacao.com\/1\/wp-content\/uploads\/2020\/03\/21b2a39a-2805-49e9-8173-b423beddde06-1.jpg\" alt=\"\" class=\"wp-image-160008\" srcset=\"https:\/\/www.caririemacao.com\/1\/wp-content\/uploads\/2020\/03\/21b2a39a-2805-49e9-8173-b423beddde06-1.jpg 640w, https:\/\/www.caririemacao.com\/1\/wp-content\/uploads\/2020\/03\/21b2a39a-2805-49e9-8173-b423beddde06-1-300x225.jpg 300w\" sizes=\"(max-width: 640px) 100vw, 640px\" \/><\/figure>\n\n\n\n<p>Foi realizada uma anamnese (entrevista), onde nenhuma das pessoas apresentou sintomas relacionados COVID-19. Tamb\u00e9m foi realizado um mapeamento para que a Secretaria de Sa\u00fade possa monitorar essas pessoas pelo per\u00edodo de 14 dias, elas por sua vez, foram orientadas a permanecer de quarentena durante esse per\u00edodo.<\/p>\n\n\n\n<p><br>As visitas ir\u00e3o continuar \u00e0 medida que novas pessoas ir\u00e3o chegando, e que tamb\u00e9m a popula\u00e7\u00e3o pode informar a Secretaria de Sa\u00fade.<\/p>\n\n\n\n<p>Amparo Ligado com Dr\u00ba Elvis Bruno<\/p>\n","protected":false},"excerpt":{"rendered":"<p>A Secret\u00e1ria de Sa\u00fade Ver\u00f4nica Rafael, a Coordenadora de Vigil\u00e2ncia Sanit\u00e1ria e Epidemiol\u00f3gica Aracelly Oliveira e Coordenador de Aten\u00e7\u00e3o B\u00e1sica Dr\u00ba Elvis Bruno. Onde estiveram&hellip; <\/p>\n","protected":false},"author":1,"featured_media":160006,"comment_status":"closed","ping_status":"closed","sticky":false,"template":"","format":"standard","meta":{"sfsi_plus_gutenberg_text_before_share":"","sfsi_plus_gutenberg_show_text_before_share":"","sfsi_plus_gutenberg_icon_type":"","sfsi_plus_gutenberg_icon_alignemt":"","sfsi_plus_gutenburg_max_per_row":"","footnotes":""},"categories":[6,50,16],"tags":[],"class_list":["post-160005","post","type-post","status-publish","format-standard","has-post-thumbnail","hentry","category-cidades","category-destaque","category-saude"],"_links":{"self":[{"href":"https:\/\/www.caririemacao.com\/1\/wp-json\/wp\/v2\/posts\/160005","targetHints":{"allow":["GET"]}}],"collection":[{"href":"https:\/\/www.caririemacao.com\/1\/wp-json\/wp\/v2\/posts"}],"about":[{"href":"https:\/\/www.caririemacao.com\/1\/wp-json\/wp\/v2\/types\/post"}],"author":[{"embeddable":true,"href":"https:\/\/www.caririemacao.com\/1\/wp-json\/wp\/v2\/users\/1"}],"replies":[{"embeddable":true,"href":"https:\/\/www.caririemacao.com\/1\/wp-json\/wp\/v2\/comments?post=160005"}],"version-history":[{"count":1,"href":"https:\/\/www.caririemacao.com\/1\/wp-json\/wp\/v2\/posts\/160005\/revisions"}],"predecessor-version":[{"id":160009,"href":"https:\/\/www.caririemacao.com\/1\/wp-json\/wp\/v2\/posts\/160005\/revisions\/160009"}],"wp:featuredmedia":[{"embeddable":true,"href":"https:\/\/www.caririemacao.com\/1\/wp-json\/wp\/v2\/media\/160006"}],"wp:attachment":[{"href":"https:\/\/www.caririemacao.com\/1\/wp-json\/wp\/v2\/media?parent=160005"}],"wp:term":[{"taxonomy":"category","embeddable":true,"href":"https:\/\/www.caririemacao.com\/1\/wp-json\/wp\/v2\/categories?post=160005"},{"taxonomy":"post_tag","embeddable":true,"href":"https:\/\/www.caririemacao.com\/1\/wp-json\/wp\/v2\/tags?post=160005"}],"curies":[{"name":"wp","href":"https:\/\/api.w.org\/{rel}","templated":true}]}}