{"id":160012,"date":"2020-03-25T06:35:34","date_gmt":"2020-03-25T09:35:34","guid":{"rendered":"http:\/\/www.caririemacao.com\/1\/?p=160012"},"modified":"2020-03-25T06:35:36","modified_gmt":"2020-03-25T09:35:36","slug":"comite-decide-adiar-jogos-olimpicos-e-paralimpicos-de-toquio","status":"publish","type":"post","link":"https:\/\/www.caririemacao.com\/1\/2020\/03\/25\/comite-decide-adiar-jogos-olimpicos-e-paralimpicos-de-toquio\/","title":{"rendered":"Comit\u00ea decide adiar Jogos Ol\u00edmpicos e Paral\u00edmpicos de T\u00f3quio"},"content":{"rendered":"\n<p>O Comit\u00ea Ol\u00edmpico Internacional (COI) anunciou, nesta ter\u00e7a-feira (24), o adiamento dos Jogos Ol\u00edmpicos e Paral\u00edmpicos de T\u00f3quio 2020 para 2021.<\/p>\n\n\n\n<p>O entendimento sobre a impossibilidade do in\u00edcio das competi\u00e7\u00f5es no dia 24 de julho, por conta da pandemia do novo coronav\u00edrus, aconteceu ap\u00f3s conversa por teleconfer\u00eancia entre o primeiro-ministro japon\u00eas, Shinzo Abe, e o presidente do COI, Thomas Bach.<\/p>\n\n\n\n<p>\u201cNas atuais circunst\u00e2ncias, e com base nas informa\u00e7\u00f5es fornecidas hoje pela OMS, o presidente do COI e o primeiro-ministro do Jap\u00e3o conclu\u00edram que os Jogos da XXXII Olimp\u00edada de T\u00f3quio devem ser remarcados para uma data posterior a 2020, mas o mais tardar no ver\u00e3o de 2021, para proteger a sa\u00fade dos atletas, todos os envolvidos nos Jogos Ol\u00edmpicos e da comunidade internacional\u201d, informa nota publicada no site da institui\u00e7\u00e3o,<\/p>\n\n\n\n<p>Tocha ol\u00edmpica<br>A publica\u00e7\u00e3o ainda confirma que a chama ol\u00edmpica vai permanecer no pa\u00eds. A tocha chegou ao Jap\u00e3o na \u00faltima sexta-feira (20), ap\u00f3s cerim\u00f4nia de acendimento, no Est\u00e1dio Panatenaico, em Atenas, na Gr\u00e9cia.<\/p>\n\n\n\n<p>A medida foi tomada ap\u00f3s press\u00e3o de atletas e comit\u00eas nacionais pelo mundo todo criticarem a manuten\u00e7\u00e3o do calend\u00e1rio em meio a pandemia do novo coronav\u00edrus.<\/p>\n\n\n\n<p>Canad\u00e1, por exemplo, havia decidido que n\u00e3o mandaria competidores, caso os Jogos ocorressem na data prevista. O Comit\u00ea Ol\u00edmpico Brasileiro tamb\u00e9m engrossou o coro para a mudan\u00e7a do cronograma.<\/p>\n\n\n\n<p>Guerra mundial<br>Em 1940, as Olimp\u00edadas, que tamb\u00e9m ocorreriam em T\u00f3quio, no Jap\u00e3o, foram canceladas. Mas h\u00e1 80 anos o motivo foi diferente: a 2\u00aa Guerra Mundial. Este havia sido o segundo cancelamento das Olimp\u00edadas. Os Jogos tamb\u00e9m foram cancelados em Berlim (1916) e em Londres (1944).<\/p>\n","protected":false},"excerpt":{"rendered":"<p>O Comit\u00ea Ol\u00edmpico Internacional (COI) anunciou, nesta ter\u00e7a-feira (24), o adiamento dos Jogos Ol\u00edmpicos e Paral\u00edmpicos de T\u00f3quio 2020 para 2021. O entendimento sobre a&hellip; <\/p>\n","protected":false},"author":2,"featured_media":160013,"comment_status":"closed","ping_status":"closed","sticky":false,"template":"","format":"standard","meta":{"sfsi_plus_gutenberg_text_before_share":"","sfsi_plus_gutenberg_show_text_before_share":"","sfsi_plus_gutenberg_icon_type":"","sfsi_plus_gutenberg_icon_alignemt":"","sfsi_plus_gutenburg_max_per_row":"","footnotes":""},"categories":[13],"tags":[],"class_list":["post-160012","post","type-post","status-publish","format-standard","has-post-thumbnail","hentry","category-esportes"],"_links":{"self":[{"href":"https:\/\/www.caririemacao.com\/1\/wp-json\/wp\/v2\/posts\/160012","targetHints":{"allow":["GET"]}}],"collection":[{"href":"https:\/\/www.caririemacao.com\/1\/wp-json\/wp\/v2\/posts"}],"about":[{"href":"https:\/\/www.caririemacao.com\/1\/wp-json\/wp\/v2\/types\/post"}],"author":[{"embeddable":true,"href":"https:\/\/www.caririemacao.com\/1\/wp-json\/wp\/v2\/users\/2"}],"replies":[{"embeddable":true,"href":"https:\/\/www.caririemacao.com\/1\/wp-json\/wp\/v2\/comments?post=160012"}],"version-history":[{"count":1,"href":"https:\/\/www.caririemacao.com\/1\/wp-json\/wp\/v2\/posts\/160012\/revisions"}],"predecessor-version":[{"id":160014,"href":"https:\/\/www.caririemacao.com\/1\/wp-json\/wp\/v2\/posts\/160012\/revisions\/160014"}],"wp:featuredmedia":[{"embeddable":true,"href":"https:\/\/www.caririemacao.com\/1\/wp-json\/wp\/v2\/media\/160013"}],"wp:attachment":[{"href":"https:\/\/www.caririemacao.com\/1\/wp-json\/wp\/v2\/media?parent=160012"}],"wp:term":[{"taxonomy":"category","embeddable":true,"href":"https:\/\/www.caririemacao.com\/1\/wp-json\/wp\/v2\/categories?post=160012"},{"taxonomy":"post_tag","embeddable":true,"href":"https:\/\/www.caririemacao.com\/1\/wp-json\/wp\/v2\/tags?post=160012"}],"curies":[{"name":"wp","href":"https:\/\/api.w.org\/{rel}","templated":true}]}}