{"id":160021,"date":"2020-03-25T06:48:42","date_gmt":"2020-03-25T09:48:42","guid":{"rendered":"http:\/\/www.caririemacao.com\/1\/?p=160021"},"modified":"2020-03-25T06:48:44","modified_gmt":"2020-03-25T09:48:44","slug":"infectologista-conta-o-que-e-mito-e-verdade-sobre-o-coronavirus","status":"publish","type":"post","link":"https:\/\/www.caririemacao.com\/1\/2020\/03\/25\/infectologista-conta-o-que-e-mito-e-verdade-sobre-o-coronavirus\/","title":{"rendered":"Infectologista conta o que \u00e9 mito e verdade sobre o coronav\u00edrus"},"content":{"rendered":"\n<p>No meio da pandemia do coronav\u00edrus, uma coisa tem causado muito p\u00e2nico entre a popula\u00e7\u00e3o: s\u00e3o as fake news que est\u00e3o sempre presentes desvirtuando a verdade e provocando o caos. Elas geralmente ocorrem nas redes sociais e s\u00e3o rapidamente replicadas atrav\u00e9s de outros meios de comunica\u00e7\u00e3o, como aplicativos de envio de mensagem para celular.<\/p>\n\n\n\n<p>Com a pandemia do coronav\u00edrus n\u00e3o tem sido diferente, e a cada dia \u00e9 poss\u00edvel recebermos em grupos v\u00eddeos, \u00e1udios, recortes de mat\u00e9rias informando inverdades.<\/p>\n\n\n\n<p>Al\u00e9m delas, ainda h\u00e1 os mitos que causam um embara\u00e7o a respeito da doen\u00e7a. Para tentar desmistificar alguns deles, o infectologista Jo\u00e3o Paulo Ribeiro, do Hospital Universit\u00e1rio Alcides Carneiro, em Campina Grande, disse o que \u00e9 ou n\u00e3o \u00e9 verdade entre as not\u00edcias espalhadas sobre o coronav\u00edrus.<\/p>\n\n\n\n<p>Ele falou sobre as m\u00e1scaras cir\u00fargicas que est\u00e3o sendo bastante usadas nas ruas e disse que elas protegem sim e que, at\u00e9 as m\u00e1scaras comuns podem ser usadas para prote\u00e7\u00e3o.<\/p>\n\n\n\n<p>Com rela\u00e7\u00e3o ao \u00e1lcool em gel, ele disse que este produto deve ser usado apenas quando sair de casa e se n\u00e3o achar um local com \u00e1gua e sab\u00e3o para higienizar as m\u00e3os, pois estes dois \u00faltimos juntos s\u00e3o os mais eficazes para matar o v\u00edrus.<\/p>\n\n\n\n<p>\u2013 Lavar bem a boca com enxaguante bucal e o nariz \u00e9 uma das coisas que temos que fazer para nos protegermos contra o v\u00edrus, e de outras bact\u00e9rias tamb\u00e9m. Al\u00e9m disso, tamb\u00e9m \u00e9 preciso lavar bem as m\u00e3os. A princ\u00edpio, animais, como c\u00e3es e gatos, n\u00e3o s\u00e3o transmissores ou fatores de risco para o Covid-19. \u00c9 preciso se alimentar bem, se hidratar e consumir alimentos que contenham vitamina C, pois ela melhora a imunidade \u2013 declarou.<\/p>\n\n\n\n<p>O m\u00e9dico disse ainda, durante entrevista \u00e0 R\u00e1dio Campina FM, que a vacina contra a pneumonia n\u00e3o imuniza contra o coronav\u00edrus, assim como a vacina contra a gripe.<\/p>\n\n\n\n<p>A ingest\u00e3o de \u00e1gua a cada quinze minutos n\u00e3o \u00e9 necess\u00e1ria, assim como tomar \u00e1gua e banho quente n\u00e3o matam o v\u00edrus.<\/p>\n\n\n\n<p>\u2013 A ingest\u00e3o da \u00e1gua a cada duas horas j\u00e1 \u00e9 suficiente para estar bem hidratado. Tomar \u00e1gua ou banho quente n\u00e3o mata o v\u00edrus, o que pode ocorrer \u00e9 melhorar a dor da garganta. A ingest\u00e3o em excesso do \u00e1lcool tamb\u00e9m n\u00e3o mata o v\u00edrus e n\u00e3o \u00e9 recomend\u00e1vel, pois baixa a imunidade \u2013 alertou.<\/p>\n\n\n\n<p>Pessoas jovens, gr\u00e1vidas e beb\u00eas tamb\u00e9m podem ficar doentes, mas a maior preocupa\u00e7\u00e3o \u00e9 com idosos e pessoas com imunidade baixa ou que sejam portadores de outras doen\u00e7as.<\/p>\n\n\n\n<p>De acordo com o m\u00e9dico, o problema \u00e9 que no Brasil h\u00e1 um grande aglomerado de pessoas nas ruas das m\u00e9dias e grandes cidades: cen\u00e1rio favor\u00e1vel para o coronav\u00edrus, j\u00e1 que este \u00e9 de grande cont\u00e1gio.<\/p>\n\n\n\n<p>\u2013 O frio realmente propaga mais que o calor, s\u00f3 que no Brasil temos um problema grande que s\u00e3o aglomera\u00e7\u00f5es e, com isso, j\u00e1 nos d\u00e1 um risco maior de adoecimento. Se n\u00e3o fosse assim, essa curva n\u00e3o seria t\u00e3o desfavor\u00e1vel com essa doen\u00e7a. Al\u00e9m disso, temos outros agravantes que fazem com que sejamos um pa\u00eds que tenha muitos casos da doen\u00e7a \u2013 contou.<\/p>\n\n\n\n<p>O m\u00e9dico ainda destacou o problema da automedica\u00e7\u00e3o. De acordo com ele, esta atrasa a avalia\u00e7\u00e3o m\u00e9dica e, em muitos casos, o uso indiscriminado de anti-inflamat\u00f3rio acaba agravando a situa\u00e7\u00e3o. Jo\u00e3o Paulo ressaltou que, em casos de sintomas caracter\u00edsticos do coronav\u00edrus, \u00e9 necess\u00e1rio o paciente passar por avalia\u00e7\u00e3o m\u00e9dica.<\/p>\n\n\n\n<p>Por fim, ele comentou a respeito das fake news e do perigo da divulga\u00e7\u00e3o deste tipo de conte\u00fado.<\/p>\n\n\n\n<p>\u2013 Nessas horas, em meio a tanto boato de redes sociais, que vemos pela internet sendo propagada, o que orientamos \u00e9 sempre confiar em informa\u00e7\u00f5es embasadas por estudos, especialistas. Nessas horas \u00e9 importante que possamos estar diante de informa\u00e7\u00f5es mais confi\u00e1veis. Infelizmente, h\u00e1 pessoas que se aproveitam desses momentos para ganhar dinheiro ou fama em cima do caos, o que \u00e9 lament\u00e1vel \u2013 finalizou.<\/p>\n","protected":false},"excerpt":{"rendered":"<p>No meio da pandemia do coronav\u00edrus, uma coisa tem causado muito p\u00e2nico entre a popula\u00e7\u00e3o: s\u00e3o as fake news que est\u00e3o sempre presentes desvirtuando a&hellip; <\/p>\n","protected":false},"author":2,"featured_media":157594,"comment_status":"closed","ping_status":"closed","sticky":false,"template":"","format":"standard","meta":{"sfsi_plus_gutenberg_text_before_share":"","sfsi_plus_gutenberg_show_text_before_share":"","sfsi_plus_gutenberg_icon_type":"","sfsi_plus_gutenberg_icon_alignemt":"","sfsi_plus_gutenburg_max_per_row":"","footnotes":""},"categories":[50,16],"tags":[],"class_list":["post-160021","post","type-post","status-publish","format-standard","has-post-thumbnail","hentry","category-destaque","category-saude"],"_links":{"self":[{"href":"https:\/\/www.caririemacao.com\/1\/wp-json\/wp\/v2\/posts\/160021","targetHints":{"allow":["GET"]}}],"collection":[{"href":"https:\/\/www.caririemacao.com\/1\/wp-json\/wp\/v2\/posts"}],"about":[{"href":"https:\/\/www.caririemacao.com\/1\/wp-json\/wp\/v2\/types\/post"}],"author":[{"embeddable":true,"href":"https:\/\/www.caririemacao.com\/1\/wp-json\/wp\/v2\/users\/2"}],"replies":[{"embeddable":true,"href":"https:\/\/www.caririemacao.com\/1\/wp-json\/wp\/v2\/comments?post=160021"}],"version-history":[{"count":1,"href":"https:\/\/www.caririemacao.com\/1\/wp-json\/wp\/v2\/posts\/160021\/revisions"}],"predecessor-version":[{"id":160022,"href":"https:\/\/www.caririemacao.com\/1\/wp-json\/wp\/v2\/posts\/160021\/revisions\/160022"}],"wp:featuredmedia":[{"embeddable":true,"href":"https:\/\/www.caririemacao.com\/1\/wp-json\/wp\/v2\/media\/157594"}],"wp:attachment":[{"href":"https:\/\/www.caririemacao.com\/1\/wp-json\/wp\/v2\/media?parent=160021"}],"wp:term":[{"taxonomy":"category","embeddable":true,"href":"https:\/\/www.caririemacao.com\/1\/wp-json\/wp\/v2\/categories?post=160021"},{"taxonomy":"post_tag","embeddable":true,"href":"https:\/\/www.caririemacao.com\/1\/wp-json\/wp\/v2\/tags?post=160021"}],"curies":[{"name":"wp","href":"https:\/\/api.w.org\/{rel}","templated":true}]}}