{"id":160025,"date":"2020-03-25T06:49:44","date_gmt":"2020-03-25T09:49:44","guid":{"rendered":"http:\/\/www.caririemacao.com\/1\/?p=160025"},"modified":"2020-03-25T06:49:46","modified_gmt":"2020-03-25T09:49:46","slug":"prorrogados-prazos-de-entrega-de-documentos-para-comprovar-isencao-de-ipva-de-veiculos-de-placas-com-finais-3-4-e-5","status":"publish","type":"post","link":"https:\/\/www.caririemacao.com\/1\/2020\/03\/25\/prorrogados-prazos-de-entrega-de-documentos-para-comprovar-isencao-de-ipva-de-veiculos-de-placas-com-finais-3-4-e-5\/","title":{"rendered":"Prorrogados prazos de entrega de documentos para comprovar isen\u00e7\u00e3o de IPVA de ve\u00edculos de placas com finais 3; 4 e 5"},"content":{"rendered":"\n<p>A Secretaria de Estado da Fazenda (SEFAZ) prorrogou os prazos para apresenta\u00e7\u00e3o de documenta\u00e7\u00e3o para concess\u00e3o de isen\u00e7\u00e3o do IPVA (Imposto sobre Propriedade Veicular e Automotores) das placas 3; 4 e 5, do exerc\u00edcio de 2020, para os contribuintes paraibanos. Essa medida \u00e9 v\u00e1lida apenas aos cidad\u00e3os que solicitaram a isen\u00e7\u00e3o de IPVA de seu ve\u00edculo at\u00e9 o m\u00eas de dezembro do ano passado nas reparti\u00e7\u00f5es fiscais do Estado (veja o quadro abaixo com as novas datas).&nbsp; &nbsp;<br><\/p>\n\n\n\n<p>A prorroga\u00e7\u00e3o foi publicada em portaria no Di\u00e1rio Oficial Eletr\u00f4nico (Doe-Sefaz), com base nas disposi\u00e7\u00f5es dos Decretos Estaduais n\u00ba 40.122 e 40.136, de 13 e 22 de mar\u00e7o de 2020, respectivamente, que suspendeu o expediente presencial em todas as unidades de atendimento, reparti\u00e7\u00f5es fiscais, ger\u00eancias e postos fiscais da SEFAZ at\u00e9 o dia 3 de abril de 2020.<br><\/p>\n\n\n\n<p>Ela tamb\u00e9m leva em considera\u00e7\u00e3o o Estado de Emerg\u00eancia em Sa\u00fade P\u00fablica de Import\u00e2ncia Nacional (ESPIN) decretado pelo Minist\u00e9rio da Sa\u00fade por meio da Portaria n\u00ba 188, de 3 de janeiro de 2020, em virtude da dissemina\u00e7\u00e3o global da Infec\u00e7\u00e3o Humana pelo coronav\u00edrus (COVID-19).<\/p>\n\n\n\n<p>Segundo a portaria da SEFAZ, a placa dos ve\u00edculos, com final 3, das pessoas que solicitaram isen\u00e7\u00e3o do IPVA ter\u00e1 prazo agora at\u00e9 o dia 30 de junho. O prazo anterior era 31 de mar\u00e7o.<\/p>\n\n\n\n<p>Para a placa com final 4, o prazo foi estendido para o dia 31 de julho. O prazo anterior era 30 de abril, enquanto a placa com final 5, as pessoas ter\u00e3o agora at\u00e9 o dia 31 de agosto.&nbsp;&nbsp;&nbsp;<\/p>\n\n\n\n<p>Para usufruir da isen\u00e7\u00e3o do IPVA do exerc\u00edcio 2020, a SEFAZ reitera que \u00e9 necess\u00e1rio que o pedido da isen\u00e7\u00e3o tenha sido protocolizado at\u00e9 o dia 31 de dezembro de 2019 nas reparti\u00e7\u00f5es fiscais.<\/p>\n","protected":false},"excerpt":{"rendered":"<p>A Secretaria de Estado da Fazenda (SEFAZ) prorrogou os prazos para apresenta\u00e7\u00e3o de documenta\u00e7\u00e3o para concess\u00e3o de isen\u00e7\u00e3o do IPVA (Imposto sobre Propriedade Veicular e&hellip; <\/p>\n","protected":false},"author":2,"featured_media":145027,"comment_status":"closed","ping_status":"closed","sticky":false,"template":"","format":"standard","meta":{"sfsi_plus_gutenberg_text_before_share":"","sfsi_plus_gutenberg_show_text_before_share":"","sfsi_plus_gutenberg_icon_type":"","sfsi_plus_gutenberg_icon_alignemt":"","sfsi_plus_gutenburg_max_per_row":"","footnotes":""},"categories":[2],"tags":[],"class_list":["post-160025","post","type-post","status-publish","format-standard","has-post-thumbnail","hentry","category-geral"],"_links":{"self":[{"href":"https:\/\/www.caririemacao.com\/1\/wp-json\/wp\/v2\/posts\/160025","targetHints":{"allow":["GET"]}}],"collection":[{"href":"https:\/\/www.caririemacao.com\/1\/wp-json\/wp\/v2\/posts"}],"about":[{"href":"https:\/\/www.caririemacao.com\/1\/wp-json\/wp\/v2\/types\/post"}],"author":[{"embeddable":true,"href":"https:\/\/www.caririemacao.com\/1\/wp-json\/wp\/v2\/users\/2"}],"replies":[{"embeddable":true,"href":"https:\/\/www.caririemacao.com\/1\/wp-json\/wp\/v2\/comments?post=160025"}],"version-history":[{"count":1,"href":"https:\/\/www.caririemacao.com\/1\/wp-json\/wp\/v2\/posts\/160025\/revisions"}],"predecessor-version":[{"id":160026,"href":"https:\/\/www.caririemacao.com\/1\/wp-json\/wp\/v2\/posts\/160025\/revisions\/160026"}],"wp:featuredmedia":[{"embeddable":true,"href":"https:\/\/www.caririemacao.com\/1\/wp-json\/wp\/v2\/media\/145027"}],"wp:attachment":[{"href":"https:\/\/www.caririemacao.com\/1\/wp-json\/wp\/v2\/media?parent=160025"}],"wp:term":[{"taxonomy":"category","embeddable":true,"href":"https:\/\/www.caririemacao.com\/1\/wp-json\/wp\/v2\/categories?post=160025"},{"taxonomy":"post_tag","embeddable":true,"href":"https:\/\/www.caririemacao.com\/1\/wp-json\/wp\/v2\/tags?post=160025"}],"curies":[{"name":"wp","href":"https:\/\/api.w.org\/{rel}","templated":true}]}}