{"id":160028,"date":"2020-03-25T06:51:27","date_gmt":"2020-03-25T09:51:27","guid":{"rendered":"http:\/\/www.caririemacao.com\/1\/?p=160028"},"modified":"2020-03-25T06:51:29","modified_gmt":"2020-03-25T09:51:29","slug":"prefeito-adriano-wolff-determina-providencias-para-evitar-novas-enchentes-no-municipio","status":"publish","type":"post","link":"https:\/\/www.caririemacao.com\/1\/2020\/03\/25\/prefeito-adriano-wolff-determina-providencias-para-evitar-novas-enchentes-no-municipio\/","title":{"rendered":"Prefeito Adriano Wolff determina provid\u00eancias para evitar novas enchentes no munic\u00edpio"},"content":{"rendered":"\n<p>O refeito Adriano Wolff deu sequ\u00eancia a v\u00e1rias medidas do plano emergencial tra\u00e7ado ap\u00f3s a enchente da \u00faltima segunda feira.<\/p>\n\n\n\n<p>Nesta ter\u00e7a feira, 24, foram feitos os servi\u00e7os para rasgar o sangrador da Barragem de Zequinha Figueiredo&nbsp;&nbsp;de forma imediata.&nbsp;Com esta a\u00e7\u00e3o, os moradores das ruas&nbsp;&nbsp;Flor\u00eancio de Souza Lima, Ant\u00f4nio Ventura Caraciollo, Rua da Salina e S\u00e1tiro Feitosa ficaram mais aliviados.<\/p>\n\n\n\n<p>O prefeito tamb\u00e9m visitou o sangradouro do a\u00e7ude de Santo Ant\u00f4nio para avaliar a situa\u00e7\u00e3o do manancial, que est\u00e1 prestes a sangrar.<\/p>\n\n\n\n<p>Nas \u00faltimas 48 horas, o gestor tem trabalhado diuturnamente e em regime de plant\u00e3o constante para tentar ajudar a popula\u00e7\u00e3o saosebastianense.<\/p>\n\n\n\n<p><\/p>\n","protected":false},"excerpt":{"rendered":"<p>O refeito Adriano Wolff deu sequ\u00eancia a v\u00e1rias medidas do plano emergencial tra\u00e7ado ap\u00f3s a enchente da \u00faltima segunda feira. Nesta ter\u00e7a feira, 24, foram&hellip; <\/p>\n","protected":false},"author":2,"featured_media":25951,"comment_status":"closed","ping_status":"closed","sticky":false,"template":"","format":"standard","meta":{"sfsi_plus_gutenberg_text_before_share":"","sfsi_plus_gutenberg_show_text_before_share":"","sfsi_plus_gutenberg_icon_type":"","sfsi_plus_gutenberg_icon_alignemt":"","sfsi_plus_gutenburg_max_per_row":"","footnotes":""},"categories":[6],"tags":[],"class_list":["post-160028","post","type-post","status-publish","format-standard","has-post-thumbnail","hentry","category-cidades"],"_links":{"self":[{"href":"https:\/\/www.caririemacao.com\/1\/wp-json\/wp\/v2\/posts\/160028","targetHints":{"allow":["GET"]}}],"collection":[{"href":"https:\/\/www.caririemacao.com\/1\/wp-json\/wp\/v2\/posts"}],"about":[{"href":"https:\/\/www.caririemacao.com\/1\/wp-json\/wp\/v2\/types\/post"}],"author":[{"embeddable":true,"href":"https:\/\/www.caririemacao.com\/1\/wp-json\/wp\/v2\/users\/2"}],"replies":[{"embeddable":true,"href":"https:\/\/www.caririemacao.com\/1\/wp-json\/wp\/v2\/comments?post=160028"}],"version-history":[{"count":1,"href":"https:\/\/www.caririemacao.com\/1\/wp-json\/wp\/v2\/posts\/160028\/revisions"}],"predecessor-version":[{"id":160029,"href":"https:\/\/www.caririemacao.com\/1\/wp-json\/wp\/v2\/posts\/160028\/revisions\/160029"}],"wp:featuredmedia":[{"embeddable":true,"href":"https:\/\/www.caririemacao.com\/1\/wp-json\/wp\/v2\/media\/25951"}],"wp:attachment":[{"href":"https:\/\/www.caririemacao.com\/1\/wp-json\/wp\/v2\/media?parent=160028"}],"wp:term":[{"taxonomy":"category","embeddable":true,"href":"https:\/\/www.caririemacao.com\/1\/wp-json\/wp\/v2\/categories?post=160028"},{"taxonomy":"post_tag","embeddable":true,"href":"https:\/\/www.caririemacao.com\/1\/wp-json\/wp\/v2\/tags?post=160028"}],"curies":[{"name":"wp","href":"https:\/\/api.w.org\/{rel}","templated":true}]}}