{"id":160036,"date":"2020-03-25T07:00:06","date_gmt":"2020-03-25T10:00:06","guid":{"rendered":"http:\/\/www.caririemacao.com\/1\/?p=160036"},"modified":"2020-03-25T07:00:08","modified_gmt":"2020-03-25T10:00:08","slug":"ministro-do-stf-libera-governadores-e-prefeitos-para-restringir-locomocao-em-estados-e-municipios","status":"publish","type":"post","link":"https:\/\/www.caririemacao.com\/1\/2020\/03\/25\/ministro-do-stf-libera-governadores-e-prefeitos-para-restringir-locomocao-em-estados-e-municipios\/","title":{"rendered":"Ministro do STF libera governadores e prefeitos para restringir locomo\u00e7\u00e3o em estados e munic\u00edpios"},"content":{"rendered":"\n<p>O ministro Marco Aur\u00e9lio Mello, do Supremo Tribunal Federal (STF), decidiu nesta ter\u00e7a-feira que governadores e prefeitos t\u00eam poderes para restringir a locomo\u00e7\u00e3o em estados e munic\u00edpios.&nbsp;<\/p>\n\n\n\n<p>Diante da pandemia por coronav\u00edrus, eles podem baixar medidas de validade tempor\u00e1ria sobre isolamento, quarentena e restri\u00e7\u00e3o de locomo\u00e7\u00e3o por portos, aeroportos e rodovias. Segundo a decis\u00e3o, essas medidas tamb\u00e9m podem ser tomadas pelo governo federal.<\/p>\n\n\n\n<p>A decis\u00e3o foi tomada em uma a\u00e7\u00e3o do PDT que questionou a medida provis\u00f3ria editada pelo presidente Jair Bolsonaro estabelecendo que somente as ag\u00eancias reguladoras federais poderiam editar restri\u00e7\u00f5es \u00e0 locomo\u00e7\u00e3o. Marco Aur\u00e9lio esclareceu que o texto da MP n\u00e3o impede estados e prefeitura de atuar. \u201cA disciplina decorrente da Medida Provis\u00f3ria n\u00ba 926\/2020 n\u00e3o afasta a tomada de provid\u00eancias normativas e administrativas pelos Estados, Distrito Federal e Munic\u00edpios\u201d, escreveu o ministro.<\/p>\n\n\n\n<p>\u201cV\u00ea-se que a medida provis\u00f3ria, ante quadro revelador de urg\u00eancia e necessidade de disciplina, foi editada com a finalidade de mitigar-se a crise internacional que chegou ao Brasil, muito embora no territ\u00f3rio brasileiro ainda esteja, segundo alguns t\u00e9cnicos, embrion\u00e1ria. H\u00e1 de ter-se a vis\u00e3o voltada ao coletivo, ou seja, \u00e0 sa\u00fade p\u00fablica, mostrando-se interessados todos os cidad\u00e3os\u201d, afirmou.<\/p>\n","protected":false},"excerpt":{"rendered":"<p>O ministro Marco Aur\u00e9lio Mello, do Supremo Tribunal Federal (STF), decidiu nesta ter\u00e7a-feira que governadores e prefeitos t\u00eam poderes para restringir a locomo\u00e7\u00e3o em estados&hellip; <\/p>\n","protected":false},"author":2,"featured_media":160037,"comment_status":"closed","ping_status":"closed","sticky":false,"template":"","format":"standard","meta":{"sfsi_plus_gutenberg_text_before_share":"","sfsi_plus_gutenberg_show_text_before_share":"","sfsi_plus_gutenberg_icon_type":"","sfsi_plus_gutenberg_icon_alignemt":"","sfsi_plus_gutenburg_max_per_row":"","footnotes":""},"categories":[2],"tags":[],"class_list":["post-160036","post","type-post","status-publish","format-standard","has-post-thumbnail","hentry","category-geral"],"_links":{"self":[{"href":"https:\/\/www.caririemacao.com\/1\/wp-json\/wp\/v2\/posts\/160036","targetHints":{"allow":["GET"]}}],"collection":[{"href":"https:\/\/www.caririemacao.com\/1\/wp-json\/wp\/v2\/posts"}],"about":[{"href":"https:\/\/www.caririemacao.com\/1\/wp-json\/wp\/v2\/types\/post"}],"author":[{"embeddable":true,"href":"https:\/\/www.caririemacao.com\/1\/wp-json\/wp\/v2\/users\/2"}],"replies":[{"embeddable":true,"href":"https:\/\/www.caririemacao.com\/1\/wp-json\/wp\/v2\/comments?post=160036"}],"version-history":[{"count":1,"href":"https:\/\/www.caririemacao.com\/1\/wp-json\/wp\/v2\/posts\/160036\/revisions"}],"predecessor-version":[{"id":160038,"href":"https:\/\/www.caririemacao.com\/1\/wp-json\/wp\/v2\/posts\/160036\/revisions\/160038"}],"wp:featuredmedia":[{"embeddable":true,"href":"https:\/\/www.caririemacao.com\/1\/wp-json\/wp\/v2\/media\/160037"}],"wp:attachment":[{"href":"https:\/\/www.caririemacao.com\/1\/wp-json\/wp\/v2\/media?parent=160036"}],"wp:term":[{"taxonomy":"category","embeddable":true,"href":"https:\/\/www.caririemacao.com\/1\/wp-json\/wp\/v2\/categories?post=160036"},{"taxonomy":"post_tag","embeddable":true,"href":"https:\/\/www.caririemacao.com\/1\/wp-json\/wp\/v2\/tags?post=160036"}],"curies":[{"name":"wp","href":"https:\/\/api.w.org\/{rel}","templated":true}]}}