{"id":160040,"date":"2020-03-25T07:01:27","date_gmt":"2020-03-25T10:01:27","guid":{"rendered":"http:\/\/www.caririemacao.com\/1\/?p=160040"},"modified":"2020-03-25T07:01:29","modified_gmt":"2020-03-25T10:01:29","slug":"em-pronunciamento-bolsonaro-pede-reabertura-do-comercio-e-escolas-e-fim-do-confinamento","status":"publish","type":"post","link":"https:\/\/www.caririemacao.com\/1\/2020\/03\/25\/em-pronunciamento-bolsonaro-pede-reabertura-do-comercio-e-escolas-e-fim-do-confinamento\/","title":{"rendered":"Em pronunciamento, Bolsonaro pede reabertura do com\u00e9rcio e escolas e fim do &#8216;confinamento&#8217;"},"content":{"rendered":"\n<p>O presidente Jair Bolsonaro pediu, em pronunciamento em rede nacional de televis\u00e3o e r\u00e1dio exibido na noite desta ter\u00e7a-feira (24), a reabertura do com\u00e9rcio e da escolas e o fim do &#8220;confinamento em massa&#8221;. As medidas t\u00eam sido utilizadas no combate ao novo coronav\u00edrus, que j\u00e1 deixou 46 mortos no pa\u00eds. Este foi o terceiro pronunciamento sobre o tema realizado em um per\u00edodo de menos de 20 dias.<br><\/p>\n\n\n\n<p>\u2014 Algumas poucas autoridades estaduais e municipais devem abandonar o conceito de terra arrasada, a proibi\u00e7\u00e3o de transportes, o fechamento de com\u00e9rcio e o confinamento em massa. O que se passa no mundo tem mostrado que o grupo de risco \u00e9 o das pessoas acima de 60 anos. Ent\u00e3o, por que fechar escolas? \u2014 questionou Bolsonaro.<\/p>\n\n\n\n<p>O presidente afirmou que o coronav\u00edrus &#8220;brevemente passar\u00e1&#8221; e afirmou que a vida &#8220;tem que continuar&#8221;:<\/p>\n\n\n\n<p>\u2014 O v\u00edrus chegou. Est\u00e1 sendo enfrentado por n\u00f3s e brevemente passar\u00e1. Nossa vida tem que continuar. Os empregos devem ser mantidos. O sustento das fam\u00edlias deve ser preservado. Devemos, sim, voltar \u00e0 normalidade.<\/p>\n\n\n\n<p>No primeiro pronunciamento sobre o tema, realizado no dia 6 de mar\u00e7o, Bolsonaro afirmou que n\u00e3o havia motivo para &#8220;p\u00e2nico&#8221; e que o momento era de uni\u00e3o.<\/p>\n\n\n\n<p>A segunda fala sobre o tema foi realizada na semana seguinte, no dia 12 de mar\u00e7o. O presidente recomendou o adiamento de manifesta\u00e7\u00f5es que estavam marcadas para o domingo seguinte, devido \u00e0 recomenda\u00e7\u00e3o para evitar aglomera\u00e7\u00f5es. O pr\u00f3prio Bolsonaro, contudo, acabou participando dos protestos.<\/p>\n\n\n\n<p><strong>Panela\u00e7os<\/strong><br><\/p>\n\n\n\n<p>Durante o pronunciamento, foram registrados panela\u00e7os por diversas cidades de todo o pa\u00eds.<br><\/p>\n\n\n\n<p>De acordo com o Minist\u00e9rio da Sa\u00fade, at\u00e9 o momento o Brasil contabiliza 2.201 casos confirmados e 46 mortes em decorr\u00eancia do coronav\u00edrus.<\/p>\n","protected":false},"excerpt":{"rendered":"<p>O presidente Jair Bolsonaro pediu, em pronunciamento em rede nacional de televis\u00e3o e r\u00e1dio exibido na noite desta ter\u00e7a-feira (24), a reabertura do com\u00e9rcio e&hellip; <\/p>\n","protected":false},"author":2,"featured_media":158578,"comment_status":"closed","ping_status":"closed","sticky":false,"template":"","format":"standard","meta":{"sfsi_plus_gutenberg_text_before_share":"","sfsi_plus_gutenberg_show_text_before_share":"","sfsi_plus_gutenberg_icon_type":"","sfsi_plus_gutenberg_icon_alignemt":"","sfsi_plus_gutenburg_max_per_row":"","footnotes":""},"categories":[11],"tags":[],"class_list":["post-160040","post","type-post","status-publish","format-standard","has-post-thumbnail","hentry","category-politica"],"_links":{"self":[{"href":"https:\/\/www.caririemacao.com\/1\/wp-json\/wp\/v2\/posts\/160040","targetHints":{"allow":["GET"]}}],"collection":[{"href":"https:\/\/www.caririemacao.com\/1\/wp-json\/wp\/v2\/posts"}],"about":[{"href":"https:\/\/www.caririemacao.com\/1\/wp-json\/wp\/v2\/types\/post"}],"author":[{"embeddable":true,"href":"https:\/\/www.caririemacao.com\/1\/wp-json\/wp\/v2\/users\/2"}],"replies":[{"embeddable":true,"href":"https:\/\/www.caririemacao.com\/1\/wp-json\/wp\/v2\/comments?post=160040"}],"version-history":[{"count":1,"href":"https:\/\/www.caririemacao.com\/1\/wp-json\/wp\/v2\/posts\/160040\/revisions"}],"predecessor-version":[{"id":160041,"href":"https:\/\/www.caririemacao.com\/1\/wp-json\/wp\/v2\/posts\/160040\/revisions\/160041"}],"wp:featuredmedia":[{"embeddable":true,"href":"https:\/\/www.caririemacao.com\/1\/wp-json\/wp\/v2\/media\/158578"}],"wp:attachment":[{"href":"https:\/\/www.caririemacao.com\/1\/wp-json\/wp\/v2\/media?parent=160040"}],"wp:term":[{"taxonomy":"category","embeddable":true,"href":"https:\/\/www.caririemacao.com\/1\/wp-json\/wp\/v2\/categories?post=160040"},{"taxonomy":"post_tag","embeddable":true,"href":"https:\/\/www.caririemacao.com\/1\/wp-json\/wp\/v2\/tags?post=160040"}],"curies":[{"name":"wp","href":"https:\/\/api.w.org\/{rel}","templated":true}]}}