{"id":160047,"date":"2020-03-25T07:04:30","date_gmt":"2020-03-25T10:04:30","guid":{"rendered":"http:\/\/www.caririemacao.com\/1\/?p=160047"},"modified":"2020-03-25T07:04:32","modified_gmt":"2020-03-25T10:04:32","slug":"xand-aviao-e-esposa-revelam-resultado-positivo-em-teste-de-coronavirus","status":"publish","type":"post","link":"https:\/\/www.caririemacao.com\/1\/2020\/03\/25\/xand-aviao-e-esposa-revelam-resultado-positivo-em-teste-de-coronavirus\/","title":{"rendered":"Xand Avi\u00e3o e esposa revelam resultado positivo em teste de coronav\u00edrus"},"content":{"rendered":"\n<p>O cantor Xand Avi\u00e3o e sua esposa, Isabele Temoteo, revelaram nesta ter\u00e7a-feira (24) o resultado positivo para o novo coronav\u00edrus ap\u00f3s exame. Eles fizeram a revela\u00e7\u00e3o atrav\u00e9s de v\u00eddeo publicado nos stories do&nbsp;<a href=\"https:\/\/www.instagram.com\/xandaviao\/?hl=pt-br\">Instagram<\/a>.<\/p>\n\n\n\n<p>Logo ap\u00f3s o carnaval, Xand e sua fam\u00edlia viajaram para os Estados Unidos para aproveitar uma temporada de f\u00e9rias. Eles retornaram ao Brasil recentemente e decidiram fazer os exames para detec\u00e7\u00e3o do coronav\u00edrus no dia 16 de mar\u00e7o, ap\u00f3s sentirem alguns sintomas.&nbsp;<\/p>\n\n\n\n<p>O resultado positivo do casal saiu na \u00faltima segunda (23) e nesta ter\u00e7a-feira (24), enquanto o resultado da filha saiu negativo.<br><\/p>\n\n\n\n<p>Xand descobriu o resultado positivo de coronav\u00edrus no dia de seu anivers\u00e1rio, comemorado nesta ter\u00e7a-feira (24). Em postagem publicada por volta de meia-noite, ele recordou que no ano passado estava comemorando a data em Las Vegas. Este ano, no entanto, est\u00e1 ao lado da esposa comendo pipocas e fazendo palavras cruzadas. &#8220;N\u00e3o importa onde e sim com quem. Comandante fez 38 com corpo de 37. Na sa\u00fade, na doen\u00e7a e pra sempre te amo @isabeletemoteo #Ficaemcasa&#8221;.<\/p>\n\n\n\n<figure><iframe width=\"727\" height=\"409\" data-src=\"https:\/\/www.youtube.com\/embed\/vQCCRcJG6QA\" allowfullscreen=\"\" src=\"data:image\/svg+xml;base64,PHN2ZyB3aWR0aD0iMSIgaGVpZ2h0PSIxIiB4bWxucz0iaHR0cDovL3d3dy53My5vcmcvMjAwMC9zdmciPjwvc3ZnPg==\" class=\"lazyload\" data-load-mode=\"1\"><\/iframe><\/figure>\n","protected":false},"excerpt":{"rendered":"<p>O cantor Xand Avi\u00e3o e sua esposa, Isabele Temoteo, revelaram nesta ter\u00e7a-feira (24) o resultado positivo para o novo coronav\u00edrus ap\u00f3s exame. Eles fizeram a&hellip; <\/p>\n","protected":false},"author":2,"featured_media":160048,"comment_status":"closed","ping_status":"closed","sticky":false,"template":"","format":"standard","meta":{"sfsi_plus_gutenberg_text_before_share":"","sfsi_plus_gutenberg_show_text_before_share":"","sfsi_plus_gutenberg_icon_type":"","sfsi_plus_gutenberg_icon_alignemt":"","sfsi_plus_gutenburg_max_per_row":"","footnotes":""},"categories":[2],"tags":[],"class_list":["post-160047","post","type-post","status-publish","format-standard","has-post-thumbnail","hentry","category-geral"],"_links":{"self":[{"href":"https:\/\/www.caririemacao.com\/1\/wp-json\/wp\/v2\/posts\/160047","targetHints":{"allow":["GET"]}}],"collection":[{"href":"https:\/\/www.caririemacao.com\/1\/wp-json\/wp\/v2\/posts"}],"about":[{"href":"https:\/\/www.caririemacao.com\/1\/wp-json\/wp\/v2\/types\/post"}],"author":[{"embeddable":true,"href":"https:\/\/www.caririemacao.com\/1\/wp-json\/wp\/v2\/users\/2"}],"replies":[{"embeddable":true,"href":"https:\/\/www.caririemacao.com\/1\/wp-json\/wp\/v2\/comments?post=160047"}],"version-history":[{"count":1,"href":"https:\/\/www.caririemacao.com\/1\/wp-json\/wp\/v2\/posts\/160047\/revisions"}],"predecessor-version":[{"id":160049,"href":"https:\/\/www.caririemacao.com\/1\/wp-json\/wp\/v2\/posts\/160047\/revisions\/160049"}],"wp:featuredmedia":[{"embeddable":true,"href":"https:\/\/www.caririemacao.com\/1\/wp-json\/wp\/v2\/media\/160048"}],"wp:attachment":[{"href":"https:\/\/www.caririemacao.com\/1\/wp-json\/wp\/v2\/media?parent=160047"}],"wp:term":[{"taxonomy":"category","embeddable":true,"href":"https:\/\/www.caririemacao.com\/1\/wp-json\/wp\/v2\/categories?post=160047"},{"taxonomy":"post_tag","embeddable":true,"href":"https:\/\/www.caririemacao.com\/1\/wp-json\/wp\/v2\/tags?post=160047"}],"curies":[{"name":"wp","href":"https:\/\/api.w.org\/{rel}","templated":true}]}}