{"id":160051,"date":"2020-03-25T07:06:00","date_gmt":"2020-03-25T10:06:00","guid":{"rendered":"http:\/\/www.caririemacao.com\/1\/?p=160051"},"modified":"2020-03-25T07:06:02","modified_gmt":"2020-03-25T10:06:02","slug":"bolsonaro-se-revolta-com-fechamento-de-escolas-e-ataca-governadores-e-a-imprensa","status":"publish","type":"post","link":"https:\/\/www.caririemacao.com\/1\/2020\/03\/25\/bolsonaro-se-revolta-com-fechamento-de-escolas-e-ataca-governadores-e-a-imprensa\/","title":{"rendered":"Bolsonaro se revolta com fechamento de escolas e ataca governadores e a imprensa"},"content":{"rendered":"\n<p>Em seu terceiro pronunciamento em r\u00e1dio e televis\u00e3o sobre a crise do novo coronav\u00edrus, o presidente Jair Bolsonaro voltou a minimizar na noite desta ter\u00e7a (24) a gravidade da doen\u00e7a.<\/p>\n\n\n\n<p>O presidente pediu para prefeitos e governadores \u201cabandonarem o conceito de terra arrasada\u201d, que, para ele, inclui o fechamento do com\u00e9rcio \u201ce o confinamento em massa\u201d. \u201cO grupo de risco \u00e9 o das pessoas acima de 60 anos. Ent\u00e3o, por que fechar escolas? Raros s\u00e3o os casos fatais de pessoas s\u00e3s com menos de 40 anos.\u201d<\/p>\n\n\n\n<p>Bolsonaro tamb\u00e9m atacou a m\u00eddia e voltou a criticar governadores.<\/p>\n\n\n\n<p>A fala do presidente foi acompanhada por panela\u00e7os em algumas cidades do pa\u00eds, pelo oitavo dia seguido.<\/p>\n\n\n\n<p>A conduta de Bolsonaro de buscar a atenuar a pandemia do coronav\u00edrus \u2013j\u00e1 chamada por ele de \u201cgripezinha\u201d\u2013 impulsionou esses protestos desde a segunda-feira da semana passada, dia 16.<\/p>\n\n\n\n<p>A \u00faltima vez que o presidente chamou o sistema de r\u00e1dio e TV para falar \u00e0 popula\u00e7\u00e3o tinha sido no dia 12 de mar\u00e7o, quando ele sugeriu que seus apoiadores n\u00e3o comparecessem a atos de rua planejados para o domingo seguinte, 15 de mar\u00e7o. A justificativa era que aglomera\u00e7\u00f5es poderiam facilitar a transmiss\u00e3o da Covid-19.<\/p>\n\n\n\n<p>O presidente, no entanto, descumpriu sua pr\u00f3pria orienta\u00e7\u00e3o e, no dia programado para as manifesta\u00e7\u00f5es, se reuniu com simpatizantes em frente \u00e0 rampa do Pal\u00e1cio do Planalto. Na ocasi\u00e3o, ele tocou em pessoas, as cumprimentou e tirou posou para selfies.<\/p>\n\n\n\n<p>Antes disso, no dia 6 de mar\u00e7o, Bolsonaro havia feito um pronunciamento para dizer que o pa\u00eds tinha refor\u00e7ado seus sistemas de vigil\u00e2ncia sanit\u00e1rios em portos e aeroportos, como prepara\u00e7\u00e3o para o avan\u00e7o do Covid-19<\/p>\n\n\n\n<p>A nova doen\u00e7a causou at\u00e9 o momento 46 mortes no Brasil. H\u00e1 2.201 casos confirmados de coronav\u00edrus. O primeiro \u00f3bito foi registrado no dia 17 deste m\u00eas.<\/p>\n\n\n\n<p>Bolsonaro minimizou em diversas ocasi\u00f5es os impactos do Covid-19 e criticou medidas de restri\u00e7\u00e3o de movimento que t\u00eam sido adotadas por governadores.<\/p>\n\n\n\n<p>Ele j\u00e1 se referiu \u00e0 enfermidade como \u201cgripezinha\u201d e argumentou que a\u00e7\u00f5es como o fechamento de com\u00e9rcios e divisas entre os estados causam preju\u00edzos econ\u00f4micos para o pa\u00eds.<\/p>\n\n\n\n<p>\u201cEsse v\u00edrus trouxe uma certa histeria. Tem alguns governadores, no meu entender, posso at\u00e9 estar errado, que est\u00e3o tomando medidas que v\u00e3o prejudicar e muito a nossa economia\u201d, afirmou Bolsonaro no dia 17 de mar\u00e7o, em entrevista \u00e0 r\u00e1dio Tupi.<\/p>\n\n\n\n<p>Outra marca da resposta de Bolsonaro \u00e0 pandemia tem sido a troca de acusa\u00e7\u00f5es com governadores, principalmente com Jo\u00e3o Doria (PSDB), de S\u00e3o Paulo, e Wilson Witzel (PSC), do Rio de Janeiro.<\/p>\n\n\n\n<p>Ele j\u00e1 se referiu a Doria como \u201clun\u00e1tico\u201d e acusou Witzel de tomar medidas que extrapolam suas fun\u00e7\u00f5es, como se o Rio de Janeiro fosse um pa\u00eds independente.<\/p>\n\n\n\n<p>Nos \u00faltimos dias, no entanto, o presidente tem adotado gestos de modera\u00e7\u00e3o e de busca de di\u00e1logo com os chefes de Executivo estaduais.<\/p>\n\n\n\n<p>Embora ainda reitere que a\u00e7\u00f5es excessivas de restri\u00e7\u00e3o de movimenta\u00e7\u00e3o n\u00e3o devem ser adotadas, ele realizou videoconfer\u00eancias com governadores e lan\u00e7ou um pacote bilion\u00e1rio de ajuda aos entes subnacionais.<\/p>\n\n\n\n<p>Segundo o governo, o conjunto de medidas soma mais de R$ 88 bilh\u00f5es e inclui a suspens\u00e3o do pagamento da d\u00edvida dos estados com a Uni\u00e3o e a manuten\u00e7\u00e3o de repasses do FPE (Fundo de Participa\u00e7\u00e3o dos Estados) e do FPM (Fundo de Participa\u00e7\u00e3o dos Munic\u00edpios) nos n\u00edveis de 2019.<\/p>\n\n\n\n<p>Apesar do pacote, governadores do Centro-Oeste e do Sul pediram nesta ter\u00e7a mais medidas a Bolsonaro para auxiliar no combate \u00e0 pandemia. O argumento \u00e9 que os estados vivem realidades diferentes e a\u00e7\u00f5es como o refor\u00e7o do FPE e do FPM, embora importantes para o Norte e Nordeste, n\u00e3o contemplam as necessidades dos demais entes federados.<\/p>\n\n\n\n<p>O presidente ainda deve realizar nesta semana uma teleconfer\u00eancia com os governadores do Sudeste.<\/p>\n","protected":false},"excerpt":{"rendered":"<p>Em seu terceiro pronunciamento em r\u00e1dio e televis\u00e3o sobre a crise do novo coronav\u00edrus, o presidente Jair Bolsonaro voltou a minimizar na noite desta ter\u00e7a&hellip; <\/p>\n","protected":false},"author":2,"featured_media":160052,"comment_status":"closed","ping_status":"closed","sticky":false,"template":"","format":"standard","meta":{"sfsi_plus_gutenberg_text_before_share":"","sfsi_plus_gutenberg_show_text_before_share":"","sfsi_plus_gutenberg_icon_type":"","sfsi_plus_gutenberg_icon_alignemt":"","sfsi_plus_gutenburg_max_per_row":"","footnotes":""},"categories":[11],"tags":[],"class_list":["post-160051","post","type-post","status-publish","format-standard","has-post-thumbnail","hentry","category-politica"],"_links":{"self":[{"href":"https:\/\/www.caririemacao.com\/1\/wp-json\/wp\/v2\/posts\/160051","targetHints":{"allow":["GET"]}}],"collection":[{"href":"https:\/\/www.caririemacao.com\/1\/wp-json\/wp\/v2\/posts"}],"about":[{"href":"https:\/\/www.caririemacao.com\/1\/wp-json\/wp\/v2\/types\/post"}],"author":[{"embeddable":true,"href":"https:\/\/www.caririemacao.com\/1\/wp-json\/wp\/v2\/users\/2"}],"replies":[{"embeddable":true,"href":"https:\/\/www.caririemacao.com\/1\/wp-json\/wp\/v2\/comments?post=160051"}],"version-history":[{"count":1,"href":"https:\/\/www.caririemacao.com\/1\/wp-json\/wp\/v2\/posts\/160051\/revisions"}],"predecessor-version":[{"id":160053,"href":"https:\/\/www.caririemacao.com\/1\/wp-json\/wp\/v2\/posts\/160051\/revisions\/160053"}],"wp:featuredmedia":[{"embeddable":true,"href":"https:\/\/www.caririemacao.com\/1\/wp-json\/wp\/v2\/media\/160052"}],"wp:attachment":[{"href":"https:\/\/www.caririemacao.com\/1\/wp-json\/wp\/v2\/media?parent=160051"}],"wp:term":[{"taxonomy":"category","embeddable":true,"href":"https:\/\/www.caririemacao.com\/1\/wp-json\/wp\/v2\/categories?post=160051"},{"taxonomy":"post_tag","embeddable":true,"href":"https:\/\/www.caririemacao.com\/1\/wp-json\/wp\/v2\/tags?post=160051"}],"curies":[{"name":"wp","href":"https:\/\/api.w.org\/{rel}","templated":true}]}}