{"id":160054,"date":"2020-03-25T09:55:42","date_gmt":"2020-03-25T12:55:42","guid":{"rendered":"http:\/\/www.caririemacao.com\/1\/?p=160054"},"modified":"2020-03-25T09:55:45","modified_gmt":"2020-03-25T12:55:45","slug":"trabalhadores-dos-correios-reclamam-da-nao-suspensao-de-entregas","status":"publish","type":"post","link":"https:\/\/www.caririemacao.com\/1\/2020\/03\/25\/trabalhadores-dos-correios-reclamam-da-nao-suspensao-de-entregas\/","title":{"rendered":"Trabalhadores dos Correios reclamam da n\u00e3o suspens\u00e3o de entregas"},"content":{"rendered":"\n<p>Os trabalhadores da Empresa de Correios e Tel\u00e9grafos est\u00e3o preocupados com a situa\u00e7\u00e3o do novo coronav\u00edrus. \u00c9 que a Empresa n\u00e3o deixou de atuar, mesmo diante da pandemia, e eles temem que estejam sendo vetores de contamina\u00e7\u00e3o ou se contaminando com sua lida di\u00e1ria.<\/p>\n\n\n\n<p>Em entrevista \u00e0 R\u00e1dio Campina FM, o secret\u00e1rio geral do Sindicato dos Trabalhadores dos Correios da Para\u00edba, Tony S\u00e9rgio Cavalcante, disse que a empresa ainda sequer distribuiu equipamentos de prote\u00e7\u00e3o individual, como luvas, m\u00e1scaras ou \u00e1lcool em gel.<\/p>\n\n\n\n<p>Ele opinou que o servi\u00e7o de entrega de cartas, faturas ou encomendas sem maior necessidade deveria ser suspensa at\u00e9 que a pandemia passe.<\/p>\n\n\n\n<p>\u2013 Estamos diariamente na porta de cada cidad\u00e3o e, ao mesmo tempo, podemos ser vetores de dissemina\u00e7\u00e3o do coronav\u00edrus, nos contaminar ou contaminar as pessoas. Ent\u00e3o, solicitamos v\u00e1rias vezes, em reuni\u00e3o com a empresa, a suspens\u00e3o da entrega de carta. O carteiro pode estar levando um item contaminado para dentro da casa das pessoas. N\u00e3o h\u00e1 necessidade de se entregar encomendas que n\u00e3o sejam essenciais. A empresa n\u00e3o d\u00e1 a m\u00ednima condi\u00e7\u00e3o os trabalhadores e n\u00e3o temos luvas, m\u00e1scaras ou \u00e1lcool em gel \u2013 disse.<\/p>\n\n\n\n<p>Tony ressaltou que o sistema poderia estar funcionando apenas os servi\u00e7os essenciais e entregas de equipamentos hospitalares. Ele fez um apelo aos prefeitos, governador da Para\u00edba e tamb\u00e9m ao Governo Federal que suspendam os servi\u00e7os n\u00e3o essenciais dos Correios.<\/p>\n\n\n\n<p>\u2013 Estamos com medo e preocupados \u2013 finalizou.<\/p>\n","protected":false},"excerpt":{"rendered":"<p>Os trabalhadores da Empresa de Correios e Tel\u00e9grafos est\u00e3o preocupados com a situa\u00e7\u00e3o do novo coronav\u00edrus. \u00c9 que a Empresa n\u00e3o deixou de atuar, mesmo&hellip; <\/p>\n","protected":false},"author":2,"featured_media":160055,"comment_status":"closed","ping_status":"closed","sticky":false,"template":"","format":"standard","meta":{"sfsi_plus_gutenberg_text_before_share":"","sfsi_plus_gutenberg_show_text_before_share":"","sfsi_plus_gutenberg_icon_type":"","sfsi_plus_gutenberg_icon_alignemt":"","sfsi_plus_gutenburg_max_per_row":"","footnotes":""},"categories":[2],"tags":[],"class_list":["post-160054","post","type-post","status-publish","format-standard","has-post-thumbnail","hentry","category-geral"],"_links":{"self":[{"href":"https:\/\/www.caririemacao.com\/1\/wp-json\/wp\/v2\/posts\/160054","targetHints":{"allow":["GET"]}}],"collection":[{"href":"https:\/\/www.caririemacao.com\/1\/wp-json\/wp\/v2\/posts"}],"about":[{"href":"https:\/\/www.caririemacao.com\/1\/wp-json\/wp\/v2\/types\/post"}],"author":[{"embeddable":true,"href":"https:\/\/www.caririemacao.com\/1\/wp-json\/wp\/v2\/users\/2"}],"replies":[{"embeddable":true,"href":"https:\/\/www.caririemacao.com\/1\/wp-json\/wp\/v2\/comments?post=160054"}],"version-history":[{"count":1,"href":"https:\/\/www.caririemacao.com\/1\/wp-json\/wp\/v2\/posts\/160054\/revisions"}],"predecessor-version":[{"id":160056,"href":"https:\/\/www.caririemacao.com\/1\/wp-json\/wp\/v2\/posts\/160054\/revisions\/160056"}],"wp:featuredmedia":[{"embeddable":true,"href":"https:\/\/www.caririemacao.com\/1\/wp-json\/wp\/v2\/media\/160055"}],"wp:attachment":[{"href":"https:\/\/www.caririemacao.com\/1\/wp-json\/wp\/v2\/media?parent=160054"}],"wp:term":[{"taxonomy":"category","embeddable":true,"href":"https:\/\/www.caririemacao.com\/1\/wp-json\/wp\/v2\/categories?post=160054"},{"taxonomy":"post_tag","embeddable":true,"href":"https:\/\/www.caririemacao.com\/1\/wp-json\/wp\/v2\/tags?post=160054"}],"curies":[{"name":"wp","href":"https:\/\/api.w.org\/{rel}","templated":true}]}}