{"id":160065,"date":"2020-03-25T09:59:03","date_gmt":"2020-03-25T12:59:03","guid":{"rendered":"http:\/\/www.caririemacao.com\/1\/?p=160065"},"modified":"2020-03-25T09:59:05","modified_gmt":"2020-03-25T12:59:05","slug":"xand-aviao-e-esposa-revelam-resultado-positivo-em-teste-de-coronavirus-2","status":"publish","type":"post","link":"https:\/\/www.caririemacao.com\/1\/2020\/03\/25\/xand-aviao-e-esposa-revelam-resultado-positivo-em-teste-de-coronavirus-2\/","title":{"rendered":"Xand Avi\u00e3o e esposa revelam resultado positivo em teste de coronav\u00edrus"},"content":{"rendered":"\n<p>O cantor Xand Avi\u00e3o e sua esposa, Isabele Temoteo, revelaram nesta ter\u00e7a-feira (24) o resultado positivo para o novo coronav\u00edrus ap\u00f3s exame. Eles fizeram a revela\u00e7\u00e3o atrav\u00e9s de v\u00eddeo publicado nos stories do&nbsp;Instagram.<\/p>\n\n\n\n<p>Logo ap\u00f3s o carnaval, Xand e sua fam\u00edlia viajaram para os Estados Unidos para aproveitar uma temporada de f\u00e9rias. Eles retornaram ao Brasil recentemente e decidiram fazer os exames para detec\u00e7\u00e3o do coronav\u00edrus no dia 16 de mar\u00e7o, ap\u00f3s sentirem alguns sintomas.<\/p>\n\n\n\n<p>O resultado positivo do casal saiu na \u00faltima segunda (23) e nesta ter\u00e7a-feira (24), enquanto o resultado da filha saiu negativo.<\/p>\n\n\n\n<p>Xand descobriu o resultado positivo de coronav\u00edrus no dia de seu anivers\u00e1rio, comemorado nesta ter\u00e7a-feira (24). Em postagem publicada por volta de meia-noite, ele recordou que no ano passado estava comemorando a data em Las Vegas. Este ano, no entanto, est\u00e1 ao lado da esposa comendo pipocas e fazendo palavras cruzadas. \u201cN\u00e3o importa onde e sim com quem. Comandante fez 38 com corpo de 37. Na sa\u00fade, na doen\u00e7a e pra sempre te amo @isabeletemoteo #Ficaemcasa\u201d.<\/p>\n\n\n\n<p><strong>VEJA O RELATO DO FORROZEIRO:<\/strong><\/p>\n\n\n\n<figure><iframe data-src=\"https:\/\/www.facebook.com\/plugins\/video.php?href=https%3A%2F%2Fwww.facebook.com%2Fdeolho.nocariri%2Fvideos%2F641010760024027%2F&amp;show_text=0&amp;width=476\" width=\"476\" height=\"476\" allowfullscreen=\"allowfullscreen\" src=\"data:image\/svg+xml;base64,PHN2ZyB3aWR0aD0iMSIgaGVpZ2h0PSIxIiB4bWxucz0iaHR0cDovL3d3dy53My5vcmcvMjAwMC9zdmciPjwvc3ZnPg==\" class=\"lazyload\" data-load-mode=\"1\"><\/iframe><\/figure>\n\n\n\n<p><em>Click PB<\/em><\/p>\n","protected":false},"excerpt":{"rendered":"<p>O cantor Xand Avi\u00e3o e sua esposa, Isabele Temoteo, revelaram nesta ter\u00e7a-feira (24) o resultado positivo para o novo coronav\u00edrus ap\u00f3s exame. Eles fizeram a&hellip; <\/p>\n","protected":false},"author":2,"featured_media":160066,"comment_status":"closed","ping_status":"closed","sticky":false,"template":"","format":"standard","meta":{"sfsi_plus_gutenberg_text_before_share":"","sfsi_plus_gutenberg_show_text_before_share":"","sfsi_plus_gutenberg_icon_type":"","sfsi_plus_gutenberg_icon_alignemt":"","sfsi_plus_gutenburg_max_per_row":"","footnotes":""},"categories":[2],"tags":[],"class_list":["post-160065","post","type-post","status-publish","format-standard","has-post-thumbnail","hentry","category-geral"],"_links":{"self":[{"href":"https:\/\/www.caririemacao.com\/1\/wp-json\/wp\/v2\/posts\/160065","targetHints":{"allow":["GET"]}}],"collection":[{"href":"https:\/\/www.caririemacao.com\/1\/wp-json\/wp\/v2\/posts"}],"about":[{"href":"https:\/\/www.caririemacao.com\/1\/wp-json\/wp\/v2\/types\/post"}],"author":[{"embeddable":true,"href":"https:\/\/www.caririemacao.com\/1\/wp-json\/wp\/v2\/users\/2"}],"replies":[{"embeddable":true,"href":"https:\/\/www.caririemacao.com\/1\/wp-json\/wp\/v2\/comments?post=160065"}],"version-history":[{"count":1,"href":"https:\/\/www.caririemacao.com\/1\/wp-json\/wp\/v2\/posts\/160065\/revisions"}],"predecessor-version":[{"id":160067,"href":"https:\/\/www.caririemacao.com\/1\/wp-json\/wp\/v2\/posts\/160065\/revisions\/160067"}],"wp:featuredmedia":[{"embeddable":true,"href":"https:\/\/www.caririemacao.com\/1\/wp-json\/wp\/v2\/media\/160066"}],"wp:attachment":[{"href":"https:\/\/www.caririemacao.com\/1\/wp-json\/wp\/v2\/media?parent=160065"}],"wp:term":[{"taxonomy":"category","embeddable":true,"href":"https:\/\/www.caririemacao.com\/1\/wp-json\/wp\/v2\/categories?post=160065"},{"taxonomy":"post_tag","embeddable":true,"href":"https:\/\/www.caririemacao.com\/1\/wp-json\/wp\/v2\/tags?post=160065"}],"curies":[{"name":"wp","href":"https:\/\/api.w.org\/{rel}","templated":true}]}}