{"id":160069,"date":"2020-03-25T10:01:35","date_gmt":"2020-03-25T13:01:35","guid":{"rendered":"http:\/\/www.caririemacao.com\/1\/?p=160069"},"modified":"2020-03-25T10:01:37","modified_gmt":"2020-03-25T13:01:37","slug":"em-virtude-do-covid-19-prefeito-eden-duarte-anuncia-cancelamento-do-sao-joao","status":"publish","type":"post","link":"https:\/\/www.caririemacao.com\/1\/2020\/03\/25\/em-virtude-do-covid-19-prefeito-eden-duarte-anuncia-cancelamento-do-sao-joao\/","title":{"rendered":"Em virtude do Covid-19, prefeito \u00c9den Duarte anuncia cancelamento do S\u00e3o Jo\u00e3o"},"content":{"rendered":"\n<p>Em virtude da pandemia do coronav\u00edrus que se alastra em todo o mundo, o crescimento acelerado da contamina\u00e7\u00e3o, progn\u00f3sticos feitos pelo Minist\u00e9rio da Sa\u00fade de que a queda na curva de contamina\u00e7\u00e3o no Brasil s\u00f3 possa acontecer ainda em setembro, o prefeito de Sum\u00e9, \u00c9den Duarte e o vice-prefeito, Jos\u00e9 Deocleciano, decidiram cancelar o S\u00e3o Joao do Munic\u00edpio, previsto para acontecer no m\u00eas de junho.<\/p>\n\n\n\n<p>A decis\u00e3o do Executivo est\u00e1 apoiada pelos membros da C\u00e2mara de Vereadores, na pessoa do presidente Le\u00f4nidas Albino, em conjunto com os vereadores da base do governo municipal.<\/p>\n\n\n\n<p>Neste cen\u00e1rio incerto por qual passa todo o pa\u00eds e o Estado da Para\u00edba, \u00e9 prudente que a Prefeitura de Sum\u00e9 re\u00fana todos os esfor\u00e7os para o combate \u00e0 contamina\u00e7\u00e3o do coronav\u00edrus e, principalmente, estar resguardada para dar apoio \u00e0 popula\u00e7\u00e3o, em poss\u00edveis casos que possam aparecer no munic\u00edpio.<\/p>\n\n\n\n<p>J\u00e1 est\u00e1vamos com a programa\u00e7\u00e3o de S\u00e3o Joao fechada para ser divulgada em abril, mas, neste momento de estado de emerg\u00eancia em sa\u00fade p\u00fablica, \u00e9 priorit\u00e1rio para o governo municipal, a sa\u00fade e o bem-estar da popula\u00e7\u00e3o sumeense.<\/p>\n\n\n\n<p>Seguiremos firmes e irmanados enfrentando este per\u00edodo t\u00e3o dif\u00edcil para todos.<\/p>\n\n\n\n<p>Sum\u00e9 (PB), 24 de mar\u00e7o de 2020.<\/p>\n\n\n\n<p><strong>\u00c9den Duarte Pinto de Sousa<\/strong><\/p>\n\n\n\n<p>Prefeito<\/p>\n\n\n\n<p><strong>Jos\u00e9 Deocleciano Barbosa<\/strong><\/p>\n\n\n\n<p>Vice-Prefeito<\/p>\n\n\n\n<p><strong>Leonidas Albino Pedrosa<\/strong><\/p>\n\n\n\n<p>Presidente da Camara de Vereadores de Sum\u00e9<\/p>\n\n\n\n<p><strong>Br\u00edgida Xavier<\/strong><\/p>\n\n\n\n<p>Vereadora<\/p>\n\n\n\n<p><strong>Antonio Carlos Sarmento<\/strong><\/p>\n\n\n\n<p>Vereador<\/p>\n\n\n\n<p><strong>Jos\u00e9 Antonio Fernandes<\/strong><\/p>\n\n\n\n<p>Vereador<\/p>\n\n\n\n<p><strong>Daniel Lela<\/strong><\/p>\n\n\n\n<p>Vereador<\/p>\n\n\n\n<p><strong>Nilson Brito<\/strong><\/p>\n\n\n\n<p>Vereador<\/p>\n\n\n\n<p><strong>Rivaldo Oliveira Ramos (Branco Xiliu)<\/strong><\/p>\n\n\n\n<p>Vereador<\/p>\n\n\n\n<p><strong>Flavio Paulino<\/strong><\/p>\n\n\n\n<p>Vereador<\/p>\n\n\n\n<p><strong>Jeffeson Menezes<\/strong><\/p>\n\n\n\n<p>Vereador<\/p>\n","protected":false},"excerpt":{"rendered":"<p>Em virtude da pandemia do coronav\u00edrus que se alastra em todo o mundo, o crescimento acelerado da contamina\u00e7\u00e3o, progn\u00f3sticos feitos pelo Minist\u00e9rio da Sa\u00fade de&hellip; <\/p>\n","protected":false},"author":2,"featured_media":87902,"comment_status":"closed","ping_status":"closed","sticky":false,"template":"","format":"standard","meta":{"sfsi_plus_gutenberg_text_before_share":"","sfsi_plus_gutenberg_show_text_before_share":"","sfsi_plus_gutenberg_icon_type":"","sfsi_plus_gutenberg_icon_alignemt":"","sfsi_plus_gutenburg_max_per_row":"","footnotes":""},"categories":[50,2],"tags":[],"class_list":["post-160069","post","type-post","status-publish","format-standard","has-post-thumbnail","hentry","category-destaque","category-geral"],"_links":{"self":[{"href":"https:\/\/www.caririemacao.com\/1\/wp-json\/wp\/v2\/posts\/160069","targetHints":{"allow":["GET"]}}],"collection":[{"href":"https:\/\/www.caririemacao.com\/1\/wp-json\/wp\/v2\/posts"}],"about":[{"href":"https:\/\/www.caririemacao.com\/1\/wp-json\/wp\/v2\/types\/post"}],"author":[{"embeddable":true,"href":"https:\/\/www.caririemacao.com\/1\/wp-json\/wp\/v2\/users\/2"}],"replies":[{"embeddable":true,"href":"https:\/\/www.caririemacao.com\/1\/wp-json\/wp\/v2\/comments?post=160069"}],"version-history":[{"count":1,"href":"https:\/\/www.caririemacao.com\/1\/wp-json\/wp\/v2\/posts\/160069\/revisions"}],"predecessor-version":[{"id":160070,"href":"https:\/\/www.caririemacao.com\/1\/wp-json\/wp\/v2\/posts\/160069\/revisions\/160070"}],"wp:featuredmedia":[{"embeddable":true,"href":"https:\/\/www.caririemacao.com\/1\/wp-json\/wp\/v2\/media\/87902"}],"wp:attachment":[{"href":"https:\/\/www.caririemacao.com\/1\/wp-json\/wp\/v2\/media?parent=160069"}],"wp:term":[{"taxonomy":"category","embeddable":true,"href":"https:\/\/www.caririemacao.com\/1\/wp-json\/wp\/v2\/categories?post=160069"},{"taxonomy":"post_tag","embeddable":true,"href":"https:\/\/www.caririemacao.com\/1\/wp-json\/wp\/v2\/tags?post=160069"}],"curies":[{"name":"wp","href":"https:\/\/api.w.org\/{rel}","templated":true}]}}