{"id":160073,"date":"2020-03-25T10:02:52","date_gmt":"2020-03-25T13:02:52","guid":{"rendered":"http:\/\/www.caririemacao.com\/1\/?p=160073"},"modified":"2020-03-25T10:02:54","modified_gmt":"2020-03-25T13:02:54","slug":"suspeito-e-baleado-e-preso-apos-assaltar-posto-de-combustiveis","status":"publish","type":"post","link":"https:\/\/www.caririemacao.com\/1\/2020\/03\/25\/suspeito-e-baleado-e-preso-apos-assaltar-posto-de-combustiveis\/","title":{"rendered":"Suspeito \u00e9 baleado e preso ap\u00f3s assaltar posto de combust\u00edveis"},"content":{"rendered":"\n<p>Um homem de 27 anos foi baleado e preso em flagrante, na noite desse domingo (22), ap\u00f3s assaltar um posto de combust\u00edveis na cidade de Cacimba de Dentro, a 170 km de Jo\u00e3o Pessoa. Com ele, a Pol\u00edcia Militar apreendeu o rev\u00f3lver usado no crime. Parte do dinheiro roubado foi recuperado.<\/p>\n\n\n\n<p>Segundo a Pol\u00edcia Militar, o suspeito estava na garupa de uma moto, que era piloada por um comparsa. Uma das viaturas da 7\u00aa Companhia Independente da PM cercou a rota de fuga usada pela dupla e se deparou com os suspeitos na zona rural do munic\u00edpio, onde houve uma troca de tiros que terminou com a pris\u00e3o em flagrante. O condutor da moto conseguiu fugir.<\/p>\n\n\n\n<p>O preso foi levado para o Hospital de Trauma de Jo\u00e3o Pessoa, j\u00e1 que saiu ferido com um tiro na perna. Ele permanece sob cust\u00f3dia policial e, ap\u00f3s ser liberado, ser\u00e1 apresentado na delegacia de Sol\u00e2nea.<\/p>\n\n\n\n<p>Portal Correio<\/p>\n","protected":false},"excerpt":{"rendered":"<p>Um homem de 27 anos foi baleado e preso em flagrante, na noite desse domingo (22), ap\u00f3s assaltar um posto de combust\u00edveis na cidade de&hellip; <\/p>\n","protected":false},"author":2,"featured_media":88728,"comment_status":"closed","ping_status":"closed","sticky":false,"template":"","format":"standard","meta":{"sfsi_plus_gutenberg_text_before_share":"","sfsi_plus_gutenberg_show_text_before_share":"","sfsi_plus_gutenberg_icon_type":"","sfsi_plus_gutenberg_icon_alignemt":"","sfsi_plus_gutenburg_max_per_row":"","footnotes":""},"categories":[12],"tags":[],"class_list":["post-160073","post","type-post","status-publish","format-standard","has-post-thumbnail","hentry","category-policia"],"_links":{"self":[{"href":"https:\/\/www.caririemacao.com\/1\/wp-json\/wp\/v2\/posts\/160073","targetHints":{"allow":["GET"]}}],"collection":[{"href":"https:\/\/www.caririemacao.com\/1\/wp-json\/wp\/v2\/posts"}],"about":[{"href":"https:\/\/www.caririemacao.com\/1\/wp-json\/wp\/v2\/types\/post"}],"author":[{"embeddable":true,"href":"https:\/\/www.caririemacao.com\/1\/wp-json\/wp\/v2\/users\/2"}],"replies":[{"embeddable":true,"href":"https:\/\/www.caririemacao.com\/1\/wp-json\/wp\/v2\/comments?post=160073"}],"version-history":[{"count":1,"href":"https:\/\/www.caririemacao.com\/1\/wp-json\/wp\/v2\/posts\/160073\/revisions"}],"predecessor-version":[{"id":160074,"href":"https:\/\/www.caririemacao.com\/1\/wp-json\/wp\/v2\/posts\/160073\/revisions\/160074"}],"wp:featuredmedia":[{"embeddable":true,"href":"https:\/\/www.caririemacao.com\/1\/wp-json\/wp\/v2\/media\/88728"}],"wp:attachment":[{"href":"https:\/\/www.caririemacao.com\/1\/wp-json\/wp\/v2\/media?parent=160073"}],"wp:term":[{"taxonomy":"category","embeddable":true,"href":"https:\/\/www.caririemacao.com\/1\/wp-json\/wp\/v2\/categories?post=160073"},{"taxonomy":"post_tag","embeddable":true,"href":"https:\/\/www.caririemacao.com\/1\/wp-json\/wp\/v2\/tags?post=160073"}],"curies":[{"name":"wp","href":"https:\/\/api.w.org\/{rel}","templated":true}]}}