{"id":160079,"date":"2020-03-25T10:25:57","date_gmt":"2020-03-25T13:25:57","guid":{"rendered":"http:\/\/www.caririemacao.com\/1\/?p=160079"},"modified":"2020-03-25T10:26:25","modified_gmt":"2020-03-25T13:26:25","slug":"homens-caem-de-moto-e-sao-atropelados-por-carro-na-br-226","status":"publish","type":"post","link":"https:\/\/www.caririemacao.com\/1\/2020\/03\/25\/homens-caem-de-moto-e-sao-atropelados-por-carro-na-br-226\/","title":{"rendered":"Homens caem de moto e s\u00e3o atropelados por carro na BR-226"},"content":{"rendered":"\n<p>Um homem de 20 anos morreu e outro, de 18, ficou gravemente ferido, depois que os dois ca\u00edram da moto em que estavam e foram atropelados por um carro. A sequ\u00eancia de acidentes aconteceu no quil\u00f4metro 106 da BR-226, em Santa Cruz, regi\u00e3o Agreste potiguar, segundo a Pol\u00edcia Rodovi\u00e1ria Federal.<\/p>\n\n\n\n<p>O caso aconteceu por volta das 21h45 do domingo (22). Os dois seguiam em uma motocicleta Pop 100, quando sofreram a queda. De acordo com a PRF, eles ficaram ca\u00eddos na rodovia. Foi quando um carro modelo Onix, passou pelo local, e sem perceber as v\u00edtimas no ch\u00e3o, as atropelou.<\/p>\n\n\n\n<p>O condutor da motocicleta, de 20 anos, morreu no local, enquanto o passageiro, de 18, foi socorrido para Natal.<\/p>\n\n\n\n<p>Apesar de n\u00e3o identificar a v\u00edtima fatal, a PRF informou que o jovem morava em Santa Cruz e trabalhava no com\u00e9rcio local. O homem que ficou ferido tamb\u00e9m \u00e9 morador do munic\u00edpio.<\/p>\n","protected":false},"excerpt":{"rendered":"<p>Um homem de 20 anos morreu e outro, de 18, ficou gravemente ferido, depois que os dois ca\u00edram da moto em que estavam e foram&hellip; <\/p>\n","protected":false},"author":2,"featured_media":160080,"comment_status":"closed","ping_status":"closed","sticky":false,"template":"","format":"standard","meta":{"sfsi_plus_gutenberg_text_before_share":"","sfsi_plus_gutenberg_show_text_before_share":"","sfsi_plus_gutenberg_icon_type":"","sfsi_plus_gutenberg_icon_alignemt":"","sfsi_plus_gutenburg_max_per_row":"","footnotes":""},"categories":[2],"tags":[],"class_list":["post-160079","post","type-post","status-publish","format-standard","has-post-thumbnail","hentry","category-geral"],"_links":{"self":[{"href":"https:\/\/www.caririemacao.com\/1\/wp-json\/wp\/v2\/posts\/160079","targetHints":{"allow":["GET"]}}],"collection":[{"href":"https:\/\/www.caririemacao.com\/1\/wp-json\/wp\/v2\/posts"}],"about":[{"href":"https:\/\/www.caririemacao.com\/1\/wp-json\/wp\/v2\/types\/post"}],"author":[{"embeddable":true,"href":"https:\/\/www.caririemacao.com\/1\/wp-json\/wp\/v2\/users\/2"}],"replies":[{"embeddable":true,"href":"https:\/\/www.caririemacao.com\/1\/wp-json\/wp\/v2\/comments?post=160079"}],"version-history":[{"count":1,"href":"https:\/\/www.caririemacao.com\/1\/wp-json\/wp\/v2\/posts\/160079\/revisions"}],"predecessor-version":[{"id":160081,"href":"https:\/\/www.caririemacao.com\/1\/wp-json\/wp\/v2\/posts\/160079\/revisions\/160081"}],"wp:featuredmedia":[{"embeddable":true,"href":"https:\/\/www.caririemacao.com\/1\/wp-json\/wp\/v2\/media\/160080"}],"wp:attachment":[{"href":"https:\/\/www.caririemacao.com\/1\/wp-json\/wp\/v2\/media?parent=160079"}],"wp:term":[{"taxonomy":"category","embeddable":true,"href":"https:\/\/www.caririemacao.com\/1\/wp-json\/wp\/v2\/categories?post=160079"},{"taxonomy":"post_tag","embeddable":true,"href":"https:\/\/www.caririemacao.com\/1\/wp-json\/wp\/v2\/tags?post=160079"}],"curies":[{"name":"wp","href":"https:\/\/api.w.org\/{rel}","templated":true}]}}