{"id":160088,"date":"2020-03-25T10:48:18","date_gmt":"2020-03-25T13:48:18","guid":{"rendered":"http:\/\/www.caririemacao.com\/1\/?p=160088"},"modified":"2020-03-25T10:48:20","modified_gmt":"2020-03-25T13:48:20","slug":"8o-dia-seguido-de-panelaco-contra-bolsonaro-em-varias-partes-do-pais","status":"publish","type":"post","link":"https:\/\/www.caririemacao.com\/1\/2020\/03\/25\/8o-dia-seguido-de-panelaco-contra-bolsonaro-em-varias-partes-do-pais\/","title":{"rendered":"8\u00ba dia seguido de \u201cpanela\u00e7o\u201d contra Bolsonaro em v\u00e1rias partes do pa\u00eds"},"content":{"rendered":"\n<p>&nbsp;O presidente Jair Bolsonaro (sem partido) foi alvo de panela\u00e7o pelo oitavo dia seguido na noite desta ter\u00e7a-feira (24).<\/p>\n\n\n\n<p>O protesto teve in\u00edcio por volta das 20h30, durante&nbsp;<a href=\"https:\/\/paraibaonline.com.br\/2020\/03\/bolsonaro-se-revolta-com-fechamento-de-escolas-e-ataca-governadores-e-a-imprensa\/\">pronunciamento<\/a>&nbsp;do presidente a respeito do coronav\u00edrus. Houve atos em grandes cidades, como S\u00e3o Paulo, Rio de Janeiro, Porto Alegre, Bras\u00edlia, Curitiba e Recife. Como nos outros dias, gritos de \u201cFora, Bolsonaro\u201d foram ouvidos.<\/p>\n\n\n\n<p>Os atos t\u00eam sido convocado em redes sociais desde o \u00faltimo dia 17, impulsionados pela rea\u00e7\u00e3o de Bolsonaro \u00e0 pandemia, que afetou a rotina de milh\u00f5es de brasileiros e deve ter duro impacto na economia. At\u00e9 esta ter\u00e7a, o pa\u00eds registrou 46 mortes e 2.201 casos confirmados da Covid-19.<\/p>\n\n\n\n<p>Desde o in\u00edcio da crise mundial do coronav\u00edrus, o presidente tem dado declara\u00e7\u00f5es nas quais busca minimizar os impactos da pandemia e, ao mesmo tempo, trata como exageradas algumas medidas que est\u00e3o sendo tomadas no exterior e por governadores de estado no pa\u00eds.<\/p>\n\n\n\n<p>No pronunciamento desta ter\u00e7a, o presidente comparou novamente a Covid-19 a uma \u201cgripezinha\u201d ou \u201cresfriadinho\u201d e pediu para prefeitos e governadores \u201cabandonarem o conceito de terra arrasada\u201d, que, para ele, inclui o fechamento do com\u00e9rcio \u201ce o confinamento em massa\u201d.<\/p>\n\n\n\n<p>\u201cO grupo de risco \u00e9 o das pessoas acima de 60 anos. Ent\u00e3o, por que fechar escolas? Raros s\u00e3o os casos fatais de pessoas s\u00e3s com menos de 40 anos.\u201d<\/p>\n\n\n\n<p>Bolsonaro tamb\u00e9m atacou a m\u00eddia, que, para ele, criou um ambiente de pavor, e voltou a criticar governadores.<\/p>\n\n\n\n<p>As declara\u00e7\u00f5es de Bolsonaro ocorrem em meio a diversas a\u00e7\u00f5es de governos estaduais para restringir a movimenta\u00e7\u00e3o de pessoas, sob o argumento de que a redu\u00e7\u00e3o de contato social \u00e9 necess\u00e1ria para conter a transmiss\u00e3o do v\u00edrus.<\/p>\n\n\n\n<p>Na \u00faltima sexta-feira (20), Bolsonaro disse que n\u00e3o est\u00e1 preocupado com os panela\u00e7os. \u201cEu n\u00e3o estou preocupado com o panela\u00e7o. Eu estou preocupado com o v\u00edrus, com a sa\u00fade, com o emprego do povo brasileiro\u201d, afirmou. \u201cQualquer panela\u00e7o, qualquer coisa que venha a acontecer \u00e9 manifesta\u00e7\u00e3o democr\u00e1tica. Toca o barco.\u201d<\/p>\n\n\n\n<p>A \u00faltima vez que o presidente chamou o sistema de r\u00e1dio e TV para falar \u00e0 popula\u00e7\u00e3o tinha sido no dia 12 de mar\u00e7o, quando ele sugeriu que seus apoiadores n\u00e3o comparecessem a atos de rua planejados para o domingo seguinte, 15 de mar\u00e7o. A justificativa era que aglomera\u00e7\u00f5es poderiam facilitar a transmiss\u00e3o da Covid-19.<\/p>\n\n\n\n<p>Bolsonaro, no entanto, descumpriu sua pr\u00f3pria orienta\u00e7\u00e3o e, no dia programado para as manifesta\u00e7\u00f5es, se reuniu com simpatizantes em frente \u00e0 rampa do Pal\u00e1cio do Planalto. Na ocasi\u00e3o, ele tocou em pessoas, as cumprimentou e posou para selfies.<\/p>\n\n\n\n<p>Em crescente disputa com governadores de estado acerca da condu\u00e7\u00e3o da crise do coronav\u00edrus, o presidente Jair Bolsonaro \u00e9 pior avaliado do que eles neste quesito.<\/p>\n\n\n\n<p>\u00c9 o que revela pesquisa do Datafolha, que ouviu 1.558 pessoas de 18 a 20 de mar\u00e7o. Feita por telefone para evitar contato com o p\u00fablico, ela tem margem de erro de tr\u00eas pontos para mais ou para menos.<\/p>\n\n\n\n<p>Bolsonaro tem sua gest\u00e3o da pandemia aprovada por 35%, enquanto governadores s\u00e3o vistos como \u00f3timos ou bons em seu trabalho por 54%. Mesmo o Minist\u00e9rio da Sa\u00fade \u00e9 mais bem avaliado que o presidente: 55% aprovam o trabalho da pasta de Luiz Henrique Mandetta.<\/p>\n","protected":false},"excerpt":{"rendered":"<p>&nbsp;O presidente Jair Bolsonaro (sem partido) foi alvo de panela\u00e7o pelo oitavo dia seguido na noite desta ter\u00e7a-feira (24). O protesto teve in\u00edcio por volta&hellip; <\/p>\n","protected":false},"author":2,"featured_media":160089,"comment_status":"closed","ping_status":"closed","sticky":false,"template":"","format":"standard","meta":{"sfsi_plus_gutenberg_text_before_share":"","sfsi_plus_gutenberg_show_text_before_share":"","sfsi_plus_gutenberg_icon_type":"","sfsi_plus_gutenberg_icon_alignemt":"","sfsi_plus_gutenburg_max_per_row":"","footnotes":""},"categories":[11],"tags":[],"class_list":["post-160088","post","type-post","status-publish","format-standard","has-post-thumbnail","hentry","category-politica"],"_links":{"self":[{"href":"https:\/\/www.caririemacao.com\/1\/wp-json\/wp\/v2\/posts\/160088","targetHints":{"allow":["GET"]}}],"collection":[{"href":"https:\/\/www.caririemacao.com\/1\/wp-json\/wp\/v2\/posts"}],"about":[{"href":"https:\/\/www.caririemacao.com\/1\/wp-json\/wp\/v2\/types\/post"}],"author":[{"embeddable":true,"href":"https:\/\/www.caririemacao.com\/1\/wp-json\/wp\/v2\/users\/2"}],"replies":[{"embeddable":true,"href":"https:\/\/www.caririemacao.com\/1\/wp-json\/wp\/v2\/comments?post=160088"}],"version-history":[{"count":1,"href":"https:\/\/www.caririemacao.com\/1\/wp-json\/wp\/v2\/posts\/160088\/revisions"}],"predecessor-version":[{"id":160090,"href":"https:\/\/www.caririemacao.com\/1\/wp-json\/wp\/v2\/posts\/160088\/revisions\/160090"}],"wp:featuredmedia":[{"embeddable":true,"href":"https:\/\/www.caririemacao.com\/1\/wp-json\/wp\/v2\/media\/160089"}],"wp:attachment":[{"href":"https:\/\/www.caririemacao.com\/1\/wp-json\/wp\/v2\/media?parent=160088"}],"wp:term":[{"taxonomy":"category","embeddable":true,"href":"https:\/\/www.caririemacao.com\/1\/wp-json\/wp\/v2\/categories?post=160088"},{"taxonomy":"post_tag","embeddable":true,"href":"https:\/\/www.caririemacao.com\/1\/wp-json\/wp\/v2\/tags?post=160088"}],"curies":[{"name":"wp","href":"https:\/\/api.w.org\/{rel}","templated":true}]}}