{"id":160093,"date":"2020-03-25T10:50:14","date_gmt":"2020-03-25T13:50:14","guid":{"rendered":"http:\/\/www.caririemacao.com\/1\/?p=160093"},"modified":"2020-03-25T10:50:15","modified_gmt":"2020-03-25T13:50:15","slug":"projeto-visa-reduzir-salario-de-servidor-publico-conheca-a-proposta","status":"publish","type":"post","link":"https:\/\/www.caririemacao.com\/1\/2020\/03\/25\/projeto-visa-reduzir-salario-de-servidor-publico-conheca-a-proposta\/","title":{"rendered":"Projeto visa reduzir sal\u00e1rio de servidor p\u00fablico. Conhe\u00e7a a proposta"},"content":{"rendered":"\n<p>&nbsp;Ap\u00f3s o an\u00fancio de que o partido Novo encaminharia uma PEC (proposta de emenda \u00e0 Constitui\u00e7\u00e3o) com a redu\u00e7\u00e3o tempor\u00e1ria de sal\u00e1rios de servidores, o deputado federal Carlos Sampaio (PSDB-SP) protocolou, na noite desta ter\u00e7a-feira (24), um projeto de lei que prev\u00ea reduzir o sal\u00e1rio e subs\u00eddios de funcion\u00e1rios p\u00fablicos em at\u00e9 50% durante o estado de calamidade p\u00fablica decorrente do coronav\u00edrus.<\/p>\n\n\n\n<p>O parlamentar defende que os recursos p\u00fablicos que deixarem de ser empregados nos pagamentos sejam repassados ao Minist\u00e9rio da Sa\u00fade, para utiliza\u00e7\u00e3o no combate \u00e0 pandemia.<\/p>\n\n\n\n<p>O texto, que vale para o funcionalismo federal, prop\u00f5e a redu\u00e7\u00e3o escalonada, de acordo com a faixa de vencimentos do servidor, da seguinte maneira:<\/p>\n\n\n\n<p>Remunera\u00e7\u00e3o ou subs\u00eddio de at\u00e9 R$ 5.000: sem redu\u00e7\u00e3o Remunera\u00e7\u00e3o ou subs\u00eddio entre R$ 5.000 e R$ 10 mil: redu\u00e7\u00e3o de 10% Remunera\u00e7\u00e3o ou subs\u00eddio superior a R$ 10 mil: redu\u00e7\u00e3o m\u00ednima de 20% e m\u00e1xima de 50% De acordo com a proposta, a medida tem validade inicial de tr\u00eas meses, podendo ser prorrogada por at\u00e9 igual per\u00edodo, estando sua aplica\u00e7\u00e3o limitada ao prazo de dura\u00e7\u00e3o do estado de calamidade p\u00fablica.<\/p>\n\n\n\n<p>O projeto tamb\u00e9m prop\u00f5e que fiquem exclu\u00eddos da redu\u00e7\u00e3o nos sal\u00e1rios os servidores com atua\u00e7\u00e3o nas \u00e1reas da sa\u00fade e da seguran\u00e7a p\u00fablica que estejam prestando servi\u00e7o efetivo durante o per\u00edodo de calamidade.<\/p>\n","protected":false},"excerpt":{"rendered":"<p>&nbsp;Ap\u00f3s o an\u00fancio de que o partido Novo encaminharia uma PEC (proposta de emenda \u00e0 Constitui\u00e7\u00e3o) com a redu\u00e7\u00e3o tempor\u00e1ria de sal\u00e1rios de servidores, o&hellip; <\/p>\n","protected":false},"author":2,"featured_media":160094,"comment_status":"closed","ping_status":"closed","sticky":false,"template":"","format":"standard","meta":{"sfsi_plus_gutenberg_text_before_share":"","sfsi_plus_gutenberg_show_text_before_share":"","sfsi_plus_gutenberg_icon_type":"","sfsi_plus_gutenberg_icon_alignemt":"","sfsi_plus_gutenburg_max_per_row":"","footnotes":""},"categories":[2],"tags":[],"class_list":["post-160093","post","type-post","status-publish","format-standard","has-post-thumbnail","hentry","category-geral"],"_links":{"self":[{"href":"https:\/\/www.caririemacao.com\/1\/wp-json\/wp\/v2\/posts\/160093","targetHints":{"allow":["GET"]}}],"collection":[{"href":"https:\/\/www.caririemacao.com\/1\/wp-json\/wp\/v2\/posts"}],"about":[{"href":"https:\/\/www.caririemacao.com\/1\/wp-json\/wp\/v2\/types\/post"}],"author":[{"embeddable":true,"href":"https:\/\/www.caririemacao.com\/1\/wp-json\/wp\/v2\/users\/2"}],"replies":[{"embeddable":true,"href":"https:\/\/www.caririemacao.com\/1\/wp-json\/wp\/v2\/comments?post=160093"}],"version-history":[{"count":1,"href":"https:\/\/www.caririemacao.com\/1\/wp-json\/wp\/v2\/posts\/160093\/revisions"}],"predecessor-version":[{"id":160095,"href":"https:\/\/www.caririemacao.com\/1\/wp-json\/wp\/v2\/posts\/160093\/revisions\/160095"}],"wp:featuredmedia":[{"embeddable":true,"href":"https:\/\/www.caririemacao.com\/1\/wp-json\/wp\/v2\/media\/160094"}],"wp:attachment":[{"href":"https:\/\/www.caririemacao.com\/1\/wp-json\/wp\/v2\/media?parent=160093"}],"wp:term":[{"taxonomy":"category","embeddable":true,"href":"https:\/\/www.caririemacao.com\/1\/wp-json\/wp\/v2\/categories?post=160093"},{"taxonomy":"post_tag","embeddable":true,"href":"https:\/\/www.caririemacao.com\/1\/wp-json\/wp\/v2\/tags?post=160093"}],"curies":[{"name":"wp","href":"https:\/\/api.w.org\/{rel}","templated":true}]}}