{"id":160101,"date":"2020-03-25T10:56:30","date_gmt":"2020-03-25T13:56:30","guid":{"rendered":"http:\/\/www.caririemacao.com\/1\/?p=160101"},"modified":"2020-03-25T10:56:32","modified_gmt":"2020-03-25T13:56:32","slug":"bancos-suspendem-demissoes-durante-pandemia","status":"publish","type":"post","link":"https:\/\/www.caririemacao.com\/1\/2020\/03\/25\/bancos-suspendem-demissoes-durante-pandemia\/","title":{"rendered":"Bancos suspendem demiss\u00f5es durante pandemia"},"content":{"rendered":"\n<p>&nbsp;Os grandes bancos suspenderam as demiss\u00f5es durante a pandemia do coronav\u00edrus no pa\u00eds ap\u00f3s entrarem em acordo com o Comando Nacional dos Banc\u00e1rios nesta ter\u00e7a-feira (24).<\/p>\n\n\n\n<p>O representante dos sindicatos dos banc\u00e1rios e a Fenaban (Federa\u00e7\u00e3o Nacional dos Bancos) fizeram uma reuni\u00e3o por videoconfer\u00eancia na segunda (23) para tratar sobre as atividades da categoria e sobre as medidas a serem tomadas ante o novo v\u00edrus.<\/p>\n\n\n\n<p>Entre as reivindica\u00e7\u00f5es dos trabalhadores do setor, tamb\u00e9m estavam tamb\u00e9m o contingenciamento das ag\u00eancias banc\u00e1rias e demais unidades \u2013 com o agendamento para casos que necessitem atendimento presencial \u2013 e a suspens\u00e3o das metas para os banc\u00e1rios que est\u00e3o trabalhando de forma remota.<\/p>\n\n\n\n<p>Dos bancos privados, Ita\u00fa e o Santander se comprometeram a suspender as demiss\u00f5es que poderiam estar em andamento e a n\u00e3o demitir enquanto a pandemia do coronav\u00edrus perdurar no pa\u00eds. Al\u00e9m disso, tamb\u00e9m anunciaram a antecipa\u00e7\u00e3o do 13\u00ba sal\u00e1rio para os trabalhadores. O Bradesco n\u00e3o se pronunciou oficialmente sobre a dispensa de funcion\u00e1rios.<\/p>\n\n\n\n<p>A Febraban (Federa\u00e7\u00e3o Brasileira dos Bancos) tamb\u00e9m j\u00e1 havia anunciado que o funcionamento das ag\u00eancias banc\u00e1rias aconteceria em hor\u00e1rio reduzido, das 10h, \u00e0s 14h.<\/p>\n\n\n\n<p>Os bancos tamb\u00e9m abrir\u00e3o mais cedo para fazer atendimento exclusivo aos clientes que est\u00e3o no grupo de risco (idosos, gestantes e pessoas portadoras de defici\u00eancia), das 9h \u00e0s 10h.<\/p>\n\n\n\n<p>Segundo a presidente do Sindicato dos Banc\u00e1rios de S\u00e3o Paulo, Osasco e regi\u00e3o, Ivone Silva, os trabalhadores tamb\u00e9m reivindicaram medidas como a suspens\u00e3o dos vencimentos dos boletos por 60 dias e a isen\u00e7\u00e3o de tarifas de transfer\u00eancias eletr\u00f4nicas por m\u00eas como forma de evitar aglomera\u00e7\u00f5es nas ag\u00eancias.<\/p>\n\n\n\n<p>\u201cN\u00e3o podemos aceitar que o setor que mais lucra no Brasil demita seus funcion\u00e1rios em um momento de pandemia mundial. Temos a responsabilidade de n\u00e3o colocar trabalhadores e clientes em risco e j\u00e1 temos cerca de 200 mil funcion\u00e1rios trabalhando de forma remota em todo o pa\u00eds\u201d, afirma Silva.<\/p>\n\n\n\n<p>\u201cAs pessoas ainda n\u00e3o tomaram consci\u00eancia de que precisam ficar em casa. J\u00e1 que o governo n\u00e3o faz a sua parte, n\u00f3s precisamos fazer a nossa para proteger a sa\u00fade dos trabalhadores que est\u00e3o se arriscando por toda a popula\u00e7\u00e3o. Por isso reivindicamos que o atendimento banc\u00e1rio nas ag\u00eancias seja limitado \u00fanica e exclusivamente aos servi\u00e7os necess\u00e1rios\u201d, afirma a presidente da Contraf-CUT (Confedera\u00e7\u00e3o Nacional dos Trabalhadores do Ramo Financeiro), Juvandia Moreira.<\/p>\n\n\n\n<p>A preocupa\u00e7\u00e3o, segundo Moreira, tamb\u00e9m est\u00e1 com o pagamento de aposentadorias do INSS, um dos per\u00edodos de maior movimenta\u00e7\u00e3o nas ag\u00eancias banc\u00e1rias e que est\u00e1 programado para come\u00e7ar na quarta-feira (25).<\/p>\n\n\n\n<p>S\u00e3o consideradas atividades essenciais: a compensa\u00e7\u00e3o banc\u00e1ria, a rede de cart\u00f5es de cr\u00e9dito e d\u00e9bito, os caixas eletr\u00f4nicos e outros servi\u00e7os n\u00e3o presenciais.<\/p>\n\n\n\n<p>Como medidas contra o coronav\u00edrus, o Bradesco informou que far\u00e1 o revezamento de banc\u00e1rios e o contingenciamento na entrada das ag\u00eancias, al\u00e9m de promover campanha para o uso de canais digitais. O Santander, por sua vez, que j\u00e1 estava fazendo rod\u00edzio entre os funcion\u00e1rios, afirmou que incluiu gr\u00e1vidas no grupo de risco e que criou um canal de comunica\u00e7\u00e3o para a suspeita de contamina\u00e7\u00e3o por coronav\u00edrus para que os trabalhadores possam ser monitorados.<\/p>\n\n\n\n<p>O Ita\u00fa informou que a antecipa\u00e7\u00e3o do 13\u00ba sal\u00e1rio integral a funcion\u00e1rios acontecer\u00e1 at\u00e9 o dia 27 de abril.<\/p>\n\n\n\n<p>Entre os bancos p\u00fablicos, a Caixa informou em comunicado que os funcion\u00e1rios que est\u00e3o trabalhando de forma remota dever\u00e3o fazer atendimento via Whatsapp e executar as demais atividades operacionais por meio das ferramentas das ag\u00eancias digitais que est\u00e3o sendo liberadas.<\/p>\n\n\n\n<p>J\u00e1 o Banco do Brasil informou que o atendimento presencial deve ser prestado somente em casos essenciais e orientou gestores de unidades voltadas para o atendimento ao p\u00fablico a priorizarem o funcionamento de todos os terminais das salas de autoatendimento.<\/p>\n","protected":false},"excerpt":{"rendered":"<p>&nbsp;Os grandes bancos suspenderam as demiss\u00f5es durante a pandemia do coronav\u00edrus no pa\u00eds ap\u00f3s entrarem em acordo com o Comando Nacional dos Banc\u00e1rios nesta ter\u00e7a-feira&hellip; <\/p>\n","protected":false},"author":2,"featured_media":160102,"comment_status":"closed","ping_status":"closed","sticky":false,"template":"","format":"standard","meta":{"sfsi_plus_gutenberg_text_before_share":"","sfsi_plus_gutenberg_show_text_before_share":"","sfsi_plus_gutenberg_icon_type":"","sfsi_plus_gutenberg_icon_alignemt":"","sfsi_plus_gutenburg_max_per_row":"","footnotes":""},"categories":[2],"tags":[],"class_list":["post-160101","post","type-post","status-publish","format-standard","has-post-thumbnail","hentry","category-geral"],"_links":{"self":[{"href":"https:\/\/www.caririemacao.com\/1\/wp-json\/wp\/v2\/posts\/160101","targetHints":{"allow":["GET"]}}],"collection":[{"href":"https:\/\/www.caririemacao.com\/1\/wp-json\/wp\/v2\/posts"}],"about":[{"href":"https:\/\/www.caririemacao.com\/1\/wp-json\/wp\/v2\/types\/post"}],"author":[{"embeddable":true,"href":"https:\/\/www.caririemacao.com\/1\/wp-json\/wp\/v2\/users\/2"}],"replies":[{"embeddable":true,"href":"https:\/\/www.caririemacao.com\/1\/wp-json\/wp\/v2\/comments?post=160101"}],"version-history":[{"count":1,"href":"https:\/\/www.caririemacao.com\/1\/wp-json\/wp\/v2\/posts\/160101\/revisions"}],"predecessor-version":[{"id":160103,"href":"https:\/\/www.caririemacao.com\/1\/wp-json\/wp\/v2\/posts\/160101\/revisions\/160103"}],"wp:featuredmedia":[{"embeddable":true,"href":"https:\/\/www.caririemacao.com\/1\/wp-json\/wp\/v2\/media\/160102"}],"wp:attachment":[{"href":"https:\/\/www.caririemacao.com\/1\/wp-json\/wp\/v2\/media?parent=160101"}],"wp:term":[{"taxonomy":"category","embeddable":true,"href":"https:\/\/www.caririemacao.com\/1\/wp-json\/wp\/v2\/categories?post=160101"},{"taxonomy":"post_tag","embeddable":true,"href":"https:\/\/www.caririemacao.com\/1\/wp-json\/wp\/v2\/tags?post=160101"}],"curies":[{"name":"wp","href":"https:\/\/api.w.org\/{rel}","templated":true}]}}