{"id":160110,"date":"2020-03-25T11:00:12","date_gmt":"2020-03-25T14:00:12","guid":{"rendered":"http:\/\/www.caririemacao.com\/1\/?p=160110"},"modified":"2020-03-25T11:00:14","modified_gmt":"2020-03-25T14:00:14","slug":"plataforma-digital-e-criada-para-auxiliar-medicos-no-combate-ao-covid-19-na-paraiba","status":"publish","type":"post","link":"https:\/\/www.caririemacao.com\/1\/2020\/03\/25\/plataforma-digital-e-criada-para-auxiliar-medicos-no-combate-ao-covid-19-na-paraiba\/","title":{"rendered":"Plataforma digital \u00e9 criada para auxiliar m\u00e9dicos no combate ao Covid-19 na Para\u00edba"},"content":{"rendered":"\n<p>A m\u00e9dica infectologista Priscila S\u00e1 anunciou, durante entrevista concedida a uma emissora de r\u00e1dio campinense, nessa ter\u00e7a-feira (24), que uma plataforma digital foi criada no estado da Para\u00edba com o objetivo de combater a pandemia do Covid-19.<\/p>\n\n\n\n<p>\u2013 Ela est\u00e1 em fase de testes e foi desenvolvida no tempo recorde. Tudo come\u00e7ou com uma reuni\u00e3o de emerg\u00eancia dos infectologistas da Para\u00edba, em Jo\u00e3o Pessoa. Quando cheguei na reuni\u00e3o vi que todos infectologistas cabiam em um c\u00edrculo dentro de uma sala. Aquilo me angustiou muito porque pensei: como vamos dar conta de orientar e guiar o tratamento de tantos pacientes sendo t\u00e3o poucos? \u2013 disse.<\/p>\n\n\n\n<p>Segundo a infectologista, informa\u00e7\u00f5es referentes aos casos de pacientes graves ser\u00e3o inseridas na plataforma.<\/p>\n\n\n\n<p>\u2013 A plataforma vai monitorar os casos internados. Aqueles casos que est\u00e3o mais graves para internamento v\u00e3o entrar na plataforma quando o m\u00e9dico que internou os pacientes em qualquer hospital do Estado cadastra os pacientes e responde a uma s\u00e9rie de perguntas de uma maneira muito simples com sim ou n\u00e3o. S\u00e3o perguntas muito direcionadas para que quando o m\u00e9dico precisar do suporte, esteja enxergando esses pacientes. Oferecemos para ele um bot\u00e3o de suporte \u2013 explicou.<\/p>\n","protected":false},"excerpt":{"rendered":"<p>A m\u00e9dica infectologista Priscila S\u00e1 anunciou, durante entrevista concedida a uma emissora de r\u00e1dio campinense, nessa ter\u00e7a-feira (24), que uma plataforma digital foi criada no&hellip; <\/p>\n","protected":false},"author":2,"featured_media":160111,"comment_status":"closed","ping_status":"closed","sticky":false,"template":"","format":"standard","meta":{"sfsi_plus_gutenberg_text_before_share":"","sfsi_plus_gutenberg_show_text_before_share":"","sfsi_plus_gutenberg_icon_type":"","sfsi_plus_gutenberg_icon_alignemt":"","sfsi_plus_gutenburg_max_per_row":"","footnotes":""},"categories":[2],"tags":[],"class_list":["post-160110","post","type-post","status-publish","format-standard","has-post-thumbnail","hentry","category-geral"],"_links":{"self":[{"href":"https:\/\/www.caririemacao.com\/1\/wp-json\/wp\/v2\/posts\/160110","targetHints":{"allow":["GET"]}}],"collection":[{"href":"https:\/\/www.caririemacao.com\/1\/wp-json\/wp\/v2\/posts"}],"about":[{"href":"https:\/\/www.caririemacao.com\/1\/wp-json\/wp\/v2\/types\/post"}],"author":[{"embeddable":true,"href":"https:\/\/www.caririemacao.com\/1\/wp-json\/wp\/v2\/users\/2"}],"replies":[{"embeddable":true,"href":"https:\/\/www.caririemacao.com\/1\/wp-json\/wp\/v2\/comments?post=160110"}],"version-history":[{"count":1,"href":"https:\/\/www.caririemacao.com\/1\/wp-json\/wp\/v2\/posts\/160110\/revisions"}],"predecessor-version":[{"id":160112,"href":"https:\/\/www.caririemacao.com\/1\/wp-json\/wp\/v2\/posts\/160110\/revisions\/160112"}],"wp:featuredmedia":[{"embeddable":true,"href":"https:\/\/www.caririemacao.com\/1\/wp-json\/wp\/v2\/media\/160111"}],"wp:attachment":[{"href":"https:\/\/www.caririemacao.com\/1\/wp-json\/wp\/v2\/media?parent=160110"}],"wp:term":[{"taxonomy":"category","embeddable":true,"href":"https:\/\/www.caririemacao.com\/1\/wp-json\/wp\/v2\/categories?post=160110"},{"taxonomy":"post_tag","embeddable":true,"href":"https:\/\/www.caririemacao.com\/1\/wp-json\/wp\/v2\/tags?post=160110"}],"curies":[{"name":"wp","href":"https:\/\/api.w.org\/{rel}","templated":true}]}}