{"id":160114,"date":"2020-03-25T11:03:10","date_gmt":"2020-03-25T14:03:10","guid":{"rendered":"http:\/\/www.caririemacao.com\/1\/?p=160114"},"modified":"2020-03-25T11:03:12","modified_gmt":"2020-03-25T14:03:12","slug":"joao-azevedo-diz-que-todas-as-medidas-de-protecao-ao-covid-19-na-paraiba-continuam-valendo","status":"publish","type":"post","link":"https:\/\/www.caririemacao.com\/1\/2020\/03\/25\/joao-azevedo-diz-que-todas-as-medidas-de-protecao-ao-covid-19-na-paraiba-continuam-valendo\/","title":{"rendered":"Jo\u00e3o Azev\u00eado diz que todas as medidas de prote\u00e7\u00e3o ao covid-19 na Para\u00edba continuam valendo"},"content":{"rendered":"\n<p>O governador da Para\u00edba, Jo\u00e3o Azev\u00eado, usou o Twitter, na manh\u00e3 desta quarta-feira (25), para anunciar que todas as medidas visando a prote\u00e7\u00e3o da popula\u00e7\u00e3o do Estado, contidas no Plano de Contingenciamento elaborado pela Secretaria da Sa\u00fade, continuar\u00e3o sendo implantadas.<\/p>\n\n\n\n<p>&#8220;A Organiza\u00e7\u00e3o Mundial da Sa\u00fade recomendou a todos os pa\u00edses atingidos pelo Covid-19 que adotem medidas de isolamento social como \u00fanica forma de evitar um colapso do sistema de sa\u00fade e a morte de muitas pessoas. Vamos em frente, venceremos mais esta batalha&#8221;, disse o governador.<\/p>\n\n\n\n<p>Com isso, o governador deixou claro que n\u00e3o vai levar em considera\u00e7\u00e3o o&nbsp;<a href=\"https:\/\/www.clickpb.com.br\/brasil\/em-pronunciamento-bolsonaro-pede-reabertura-do-comercio-e-escolas-e-fim-do-confinamento-280732.html\">pronunciamento do presidente Jair Bolsonaro<\/a>, que, na noite dessa ter\u00e7a-feira (24), pediu a reabertura do com\u00e9rcio e o fim do confinamento.<\/p>\n","protected":false},"excerpt":{"rendered":"<p>O governador da Para\u00edba, Jo\u00e3o Azev\u00eado, usou o Twitter, na manh\u00e3 desta quarta-feira (25), para anunciar que todas as medidas visando a prote\u00e7\u00e3o da popula\u00e7\u00e3o&hellip; <\/p>\n","protected":false},"author":2,"featured_media":160115,"comment_status":"closed","ping_status":"closed","sticky":false,"template":"","format":"standard","meta":{"sfsi_plus_gutenberg_text_before_share":"","sfsi_plus_gutenberg_show_text_before_share":"","sfsi_plus_gutenberg_icon_type":"","sfsi_plus_gutenberg_icon_alignemt":"","sfsi_plus_gutenburg_max_per_row":"","footnotes":""},"categories":[2],"tags":[],"class_list":["post-160114","post","type-post","status-publish","format-standard","has-post-thumbnail","hentry","category-geral"],"_links":{"self":[{"href":"https:\/\/www.caririemacao.com\/1\/wp-json\/wp\/v2\/posts\/160114","targetHints":{"allow":["GET"]}}],"collection":[{"href":"https:\/\/www.caririemacao.com\/1\/wp-json\/wp\/v2\/posts"}],"about":[{"href":"https:\/\/www.caririemacao.com\/1\/wp-json\/wp\/v2\/types\/post"}],"author":[{"embeddable":true,"href":"https:\/\/www.caririemacao.com\/1\/wp-json\/wp\/v2\/users\/2"}],"replies":[{"embeddable":true,"href":"https:\/\/www.caririemacao.com\/1\/wp-json\/wp\/v2\/comments?post=160114"}],"version-history":[{"count":1,"href":"https:\/\/www.caririemacao.com\/1\/wp-json\/wp\/v2\/posts\/160114\/revisions"}],"predecessor-version":[{"id":160116,"href":"https:\/\/www.caririemacao.com\/1\/wp-json\/wp\/v2\/posts\/160114\/revisions\/160116"}],"wp:featuredmedia":[{"embeddable":true,"href":"https:\/\/www.caririemacao.com\/1\/wp-json\/wp\/v2\/media\/160115"}],"wp:attachment":[{"href":"https:\/\/www.caririemacao.com\/1\/wp-json\/wp\/v2\/media?parent=160114"}],"wp:term":[{"taxonomy":"category","embeddable":true,"href":"https:\/\/www.caririemacao.com\/1\/wp-json\/wp\/v2\/categories?post=160114"},{"taxonomy":"post_tag","embeddable":true,"href":"https:\/\/www.caririemacao.com\/1\/wp-json\/wp\/v2\/tags?post=160114"}],"curies":[{"name":"wp","href":"https:\/\/api.w.org\/{rel}","templated":true}]}}