{"id":160117,"date":"2020-03-25T11:09:35","date_gmt":"2020-03-25T14:09:35","guid":{"rendered":"http:\/\/www.caririemacao.com\/1\/?p=160117"},"modified":"2020-03-25T11:09:37","modified_gmt":"2020-03-25T14:09:37","slug":"todos-os-tres-casos-diagnosticados-com-coronavirus-na-paraiba-estao-curados-e-foram-tratados-em-casa-revela-geraldo-medeiros","status":"publish","type":"post","link":"https:\/\/www.caririemacao.com\/1\/2020\/03\/25\/todos-os-tres-casos-diagnosticados-com-coronavirus-na-paraiba-estao-curados-e-foram-tratados-em-casa-revela-geraldo-medeiros\/","title":{"rendered":"Todos os tr\u00eas casos diagnosticados com Coronav\u00edrus na Para\u00edba est\u00e3o curados e foram tratados em casa, revela Geraldo Medeiros"},"content":{"rendered":"\n<p>At\u00e9 a manh\u00e3 desta quarta-feira (25), o Estado da Para\u00edba confirmou tr\u00eas casos de coronav\u00edrus ap\u00f3s o resultado de exames. O diagn\u00f3stico preocupa devido \u00e0 possibilidade de dissemina\u00e7\u00e3o da doen\u00e7a.<\/p>\n\n\n\n<p>No entanto, as perspectivas s\u00e3o animadoras. O secret\u00e1rio de Sa\u00fade da Para\u00edba, Geraldo Medeiros, revelou em entrevista exclusiva ao ClickPB, que todos os casos diagnosticados na Para\u00edba j\u00e1 foram curados.<\/p>\n\n\n\n<p>&#8220;N\u00f3s temos tr\u00eas casos confirmados no Estado da Para\u00edba. Todos eles foram tratados em casa e j\u00e1 terminaram o seu per\u00edodo de isolamento domiciliar e est\u00e3o curados&#8221;, ressaltou o secret\u00e1rio.<\/p>\n\n\n\n<figure><iframe width=\"727\" height=\"409\" data-src=\"https:\/\/www.youtube.com\/embed\/adsbRwyfCMI\" allowfullscreen=\"\" src=\"data:image\/svg+xml;base64,PHN2ZyB3aWR0aD0iMSIgaGVpZ2h0PSIxIiB4bWxucz0iaHR0cDovL3d3dy53My5vcmcvMjAwMC9zdmciPjwvc3ZnPg==\" class=\"lazyload\" data-load-mode=\"1\"><\/iframe><\/figure>\n\n\n\n<p><strong>Coronav\u00edrus na Para\u00edba<\/strong><\/p>\n\n\n\n<p>O primeiro caso de coronav\u00edrus na Para\u00edba foi confirmado no dia 18 de mar\u00e7o. O homem, de 60 anos de idade, mora em Jo\u00e3o Pessoa e viajou \u00e0 Europa, tendo retornado ao Brasil no dia 29 de fevereiro.<\/p>\n\n\n\n<p>O segundo caso de coronav\u00edrus foi confirmado em 23 de mar\u00e7o. O homem, tamb\u00e9m com 60 anos de idade, mora na cidade de Igaracy, no Sert\u00e3o do Estado e tem hist\u00f3rico de viagem para S\u00e3o Paulo. Ele retornou \u00e0 Para\u00edba e no dia 14 de mar\u00e7o procurou atendimento m\u00e9dico ap\u00f3s sentir os sintomas.<\/p>\n\n\n\n<p>O caso mais recente, o terceiro confirmado pela Para\u00edba, \u00e9 de uma mulher com 31 anos de idade e hist\u00f3rico de viagem para S\u00e3o Paulo.&nbsp;Ela reside em Jo\u00e3o Pessoa e teria voltado para a capital do estado no dia 14 de mar\u00e7o. Ap\u00f3s sentir os sintomas de coronav\u00edrus, procurou a Secretaria de Estado da Sa\u00fade atrav\u00e9s do Plant\u00e3o de D\u00favidas e foi feita a coleta.<\/p>\n","protected":false},"excerpt":{"rendered":"<p>At\u00e9 a manh\u00e3 desta quarta-feira (25), o Estado da Para\u00edba confirmou tr\u00eas casos de coronav\u00edrus ap\u00f3s o resultado de exames. O diagn\u00f3stico preocupa devido \u00e0&hellip; <\/p>\n","protected":false},"author":2,"featured_media":160118,"comment_status":"closed","ping_status":"closed","sticky":false,"template":"","format":"standard","meta":{"sfsi_plus_gutenberg_text_before_share":"","sfsi_plus_gutenberg_show_text_before_share":"","sfsi_plus_gutenberg_icon_type":"","sfsi_plus_gutenberg_icon_alignemt":"","sfsi_plus_gutenburg_max_per_row":"","footnotes":""},"categories":[2],"tags":[],"class_list":["post-160117","post","type-post","status-publish","format-standard","has-post-thumbnail","hentry","category-geral"],"_links":{"self":[{"href":"https:\/\/www.caririemacao.com\/1\/wp-json\/wp\/v2\/posts\/160117","targetHints":{"allow":["GET"]}}],"collection":[{"href":"https:\/\/www.caririemacao.com\/1\/wp-json\/wp\/v2\/posts"}],"about":[{"href":"https:\/\/www.caririemacao.com\/1\/wp-json\/wp\/v2\/types\/post"}],"author":[{"embeddable":true,"href":"https:\/\/www.caririemacao.com\/1\/wp-json\/wp\/v2\/users\/2"}],"replies":[{"embeddable":true,"href":"https:\/\/www.caririemacao.com\/1\/wp-json\/wp\/v2\/comments?post=160117"}],"version-history":[{"count":1,"href":"https:\/\/www.caririemacao.com\/1\/wp-json\/wp\/v2\/posts\/160117\/revisions"}],"predecessor-version":[{"id":160119,"href":"https:\/\/www.caririemacao.com\/1\/wp-json\/wp\/v2\/posts\/160117\/revisions\/160119"}],"wp:featuredmedia":[{"embeddable":true,"href":"https:\/\/www.caririemacao.com\/1\/wp-json\/wp\/v2\/media\/160118"}],"wp:attachment":[{"href":"https:\/\/www.caririemacao.com\/1\/wp-json\/wp\/v2\/media?parent=160117"}],"wp:term":[{"taxonomy":"category","embeddable":true,"href":"https:\/\/www.caririemacao.com\/1\/wp-json\/wp\/v2\/categories?post=160117"},{"taxonomy":"post_tag","embeddable":true,"href":"https:\/\/www.caririemacao.com\/1\/wp-json\/wp\/v2\/tags?post=160117"}],"curies":[{"name":"wp","href":"https:\/\/api.w.org\/{rel}","templated":true}]}}