{"id":160120,"date":"2020-03-25T11:11:35","date_gmt":"2020-03-25T14:11:35","guid":{"rendered":"http:\/\/www.caririemacao.com\/1\/?p=160120"},"modified":"2020-03-25T11:11:37","modified_gmt":"2020-03-25T14:11:37","slug":"bolsonaro-defende-isolamento-vertical-e-sugere-que-pais-pode-sair-da-normalidade-democratica","status":"publish","type":"post","link":"https:\/\/www.caririemacao.com\/1\/2020\/03\/25\/bolsonaro-defende-isolamento-vertical-e-sugere-que-pais-pode-sair-da-normalidade-democratica\/","title":{"rendered":"Bolsonaro defende isolamento vertical e sugere que pa\u00eds pode &#8216;sair da normalidade democr\u00e1tica&#8217;"},"content":{"rendered":"\n<p>O presidente Jair Bolsonaro afirmou nesta quarta-feira (25) que o Brasil arrisca &#8220;sair da normalidade democr\u00e1tica&#8221; por causa de um eventual &#8220;caos&#8221; provocado pela paralisa\u00e7\u00e3o da economia em fun\u00e7\u00e3o da pandemia do novo coronav\u00edrus (Sars-CoV-2).<\/p>\n\n\n\n<p>Ap\u00f3s ter feito um pronunciamento que vai na contram\u00e3o do que \u00e9 defendido pela Organiza\u00e7\u00e3o Mundial da Sa\u00fade (OMS) e por governos mundo afora, o presidente da Rep\u00fablica voltou a defender que o com\u00e9rcio seja reaberto para evitar uma crise financeira.<\/p>\n\n\n\n<figure><iframe width=\"500\" height=\"281\" data-src=\"https:\/\/www.youtube.com\/embed\/q3Jbn5ialJQ\" allowfullscreen=\"\" src=\"data:image\/svg+xml;base64,PHN2ZyB3aWR0aD0iMSIgaGVpZ2h0PSIxIiB4bWxucz0iaHR0cDovL3d3dy53My5vcmcvMjAwMC9zdmciPjwvc3ZnPg==\" class=\"lazyload\" data-load-mode=\"1\"><\/iframe><\/figure>\n\n\n\n<p>&#8220;Se a economia colapsar, n\u00e3o vai ter dinheiro para pagar servidor p\u00fablico, o caos est\u00e1 a\u00ed, na nossa cara. Podemos ter os mais variados problemas no Brasil, como saques em supermercados, e o v\u00edrus vai continuar entre n\u00f3s, vamos ficar com o caos e o v\u00edrus&#8221;, disse Bolsonaro em conversa com jornalistas em Bras\u00edlia.<\/p>\n\n\n\n<p><strong>LEIA MAIS<\/strong>:&nbsp;<a href=\"https:\/\/www.clickpb.com.br\/brasil\/secretarios-de-saude-do-nordeste-manifestam-repudio-apos-pronunciamento-de-bolsonaro-280745.html\">Secret\u00e1rios de Sa\u00fade do Nordeste manifestam rep\u00fadio ap\u00f3s pronunciamento de Bolsonaro<\/a><br><\/p>\n\n\n\n<p>Estima-se que mais de 2,5 bilh\u00f5es de pessoas, um ter\u00e7o da popula\u00e7\u00e3o mundial, estejam submetidas a restri\u00e7\u00f5es de circula\u00e7\u00e3o por causa da pandemia de coronav\u00edrus. Desde governos autorit\u00e1rios, como a China, at\u00e9 democracias estabelecidas, como It\u00e1lia, Espanha, Reino Unido, Alemanha e Argentina, adotaram o confinamento como principal estrat\u00e9gia de combate.<\/p>\n\n\n\n<p>Para Bolsonaro, no entanto, \u00e9 preciso &#8220;botar esse povo para trabalhar, preservar os idosos e aqueles com problemas de sa\u00fade, mas nada al\u00e9m disso&#8221;.&nbsp;<\/p>\n\n\n\n<p>&#8220;Caso contrario, o que aconteceu no Chile vai ser fichinha perto do que pode acontecer no Brasil. Todos n\u00f3s pagaremos um pre\u00e7o que levar\u00e1 anos para ser pago, se \u00e9 que o Brasil n\u00e3o possa ainda sair da normalidade democr\u00e1tica que voc\u00eas tanto defendem, ningu\u00e9m sabe o que pode acontecer no Brasil&#8221;, declarou.<\/p>\n\n\n\n<p>Em seguida, ao ser questionado pela imprensa, foi mais espec\u00edfico: &#8220;O caos faz com que a esquerda aproveite o momento para chegar ao poder. N\u00e3o \u00e9 da minha parte, pode ficar tranquilo&#8221;. Segundo Bolsonaro, a diretriz do governo \u00e9 a de promover o &#8220;isolamento vertical&#8221;, ou seja, apenas dos grupos de risco, como idosos ou imunossuprimidos.<\/p>\n\n\n\n<p>No entanto j\u00e1 h\u00e1 in\u00fameros relatos de como a Covid-19, doen\u00e7a provocada pelo novo coronav\u00edrus, pode acometer pacientes mais jovens de forma grave. O primeiro homem v\u00edtima de transmiss\u00e3o interna na It\u00e1lia, um maratonista de 38 anos, ficou um m\u00eas internado, incluindo 18 dias na UTI, para conseguir se curar.<\/p>\n\n\n\n<p>At\u00e9 o momento, a pandemia j\u00e1 contaminou mais de 430 mil pessoas no mundo, sendo 80 mil apenas nos \u00faltimos dois dias, de acordo com a Universidade John Hopkins, dos EUA, e deixou cerca de 20 mil mortos.<\/p>\n","protected":false},"excerpt":{"rendered":"<p>O presidente Jair Bolsonaro afirmou nesta quarta-feira (25) que o Brasil arrisca &#8220;sair da normalidade democr\u00e1tica&#8221; por causa de um eventual &#8220;caos&#8221; provocado pela paralisa\u00e7\u00e3o&hellip; <\/p>\n","protected":false},"author":2,"featured_media":160121,"comment_status":"closed","ping_status":"closed","sticky":false,"template":"","format":"standard","meta":{"sfsi_plus_gutenberg_text_before_share":"","sfsi_plus_gutenberg_show_text_before_share":"","sfsi_plus_gutenberg_icon_type":"","sfsi_plus_gutenberg_icon_alignemt":"","sfsi_plus_gutenburg_max_per_row":"","footnotes":""},"categories":[11],"tags":[],"class_list":["post-160120","post","type-post","status-publish","format-standard","has-post-thumbnail","hentry","category-politica"],"_links":{"self":[{"href":"https:\/\/www.caririemacao.com\/1\/wp-json\/wp\/v2\/posts\/160120","targetHints":{"allow":["GET"]}}],"collection":[{"href":"https:\/\/www.caririemacao.com\/1\/wp-json\/wp\/v2\/posts"}],"about":[{"href":"https:\/\/www.caririemacao.com\/1\/wp-json\/wp\/v2\/types\/post"}],"author":[{"embeddable":true,"href":"https:\/\/www.caririemacao.com\/1\/wp-json\/wp\/v2\/users\/2"}],"replies":[{"embeddable":true,"href":"https:\/\/www.caririemacao.com\/1\/wp-json\/wp\/v2\/comments?post=160120"}],"version-history":[{"count":1,"href":"https:\/\/www.caririemacao.com\/1\/wp-json\/wp\/v2\/posts\/160120\/revisions"}],"predecessor-version":[{"id":160122,"href":"https:\/\/www.caririemacao.com\/1\/wp-json\/wp\/v2\/posts\/160120\/revisions\/160122"}],"wp:featuredmedia":[{"embeddable":true,"href":"https:\/\/www.caririemacao.com\/1\/wp-json\/wp\/v2\/media\/160121"}],"wp:attachment":[{"href":"https:\/\/www.caririemacao.com\/1\/wp-json\/wp\/v2\/media?parent=160120"}],"wp:term":[{"taxonomy":"category","embeddable":true,"href":"https:\/\/www.caririemacao.com\/1\/wp-json\/wp\/v2\/categories?post=160120"},{"taxonomy":"post_tag","embeddable":true,"href":"https:\/\/www.caririemacao.com\/1\/wp-json\/wp\/v2\/tags?post=160120"}],"curies":[{"name":"wp","href":"https:\/\/api.w.org\/{rel}","templated":true}]}}