{"id":160128,"date":"2020-03-25T11:17:17","date_gmt":"2020-03-25T14:17:17","guid":{"rendered":"http:\/\/www.caririemacao.com\/1\/?p=160128"},"modified":"2020-03-25T11:17:18","modified_gmt":"2020-03-25T14:17:18","slug":"secretarios-de-saude-do-nordeste-manifestam-repudio-apos-pronunciamento-de-bolsonaro","status":"publish","type":"post","link":"https:\/\/www.caririemacao.com\/1\/2020\/03\/25\/secretarios-de-saude-do-nordeste-manifestam-repudio-apos-pronunciamento-de-bolsonaro\/","title":{"rendered":"Secret\u00e1rios de Sa\u00fade do Nordeste manifestam rep\u00fadio ap\u00f3s pronunciamento de Bolsonaro"},"content":{"rendered":"\n<p>Os Secret\u00e1rios de Sa\u00fade do Nordeste se manifestaram atrav\u00e9s de uma carta repudiando o pronunciamento do presidente Jair Bolsonaro, na noite desta ter\u00e7a-feira (24). Na carta, os secret\u00e1rios afirmaram que assistiram o pronunciamento estarrecidos ap\u00f3s o presidente pedir&nbsp;reabertura do com\u00e9rcio e escolas e fim do &#8216;confinamento&#8217;.<\/p>\n\n\n\n<ul class=\"wp-block-list\"><li><a href=\"https:\/\/www.clickpb.com.br\/brasil\/em-pronunciamento-bolsonaro-pede-reabertura-do-comercio-e-escolas-e-fim-do-confinamento-280732.html\">Em pronunciamento, Bolsonaro pede reabertura do com\u00e9rcio e escolas e fim do &#8216;confinamento&#8217;<\/a><\/li><\/ul>\n\n\n\n<p>Ainda no pronunciamento, Bolsonaro disse&nbsp;&nbsp;que o grupo de risco \u00e9 o das pessoas acima de 60 anos, &#8220;ent\u00e3o, por que fechar escolas?&#8221;.&nbsp;<\/p>\n\n\n\n<p>O presidente tamb\u00e9m voltou a chamar a epidemia de &#8220;gripezinha&#8221; e&nbsp;afirmou que o coronav\u00edrus &#8220;brevemente passar\u00e1&#8221; e afirmou que a vida &#8220;tem que continuar&#8221;.<\/p>\n\n\n\n<p><strong>Confira a carta&nbsp;<\/strong><\/p>\n\n\n\n<figure class=\"wp-block-image\"><img decoding=\"async\" data-src=\"https:\/\/www.clickpb.com.br\/media\/filer_public\/5e\/0b\/5e0b2a55-8e33-46a8-99d5-b8b824afd82c\/whatsapp_image_2020-03-25_at_075030.jpeg\" alt=\"\" src=\"data:image\/svg+xml;base64,PHN2ZyB3aWR0aD0iMSIgaGVpZ2h0PSIxIiB4bWxucz0iaHR0cDovL3d3dy53My5vcmcvMjAwMC9zdmciPjwvc3ZnPg==\" class=\"lazyload\" \/><\/figure>\n","protected":false},"excerpt":{"rendered":"<p>Os Secret\u00e1rios de Sa\u00fade do Nordeste se manifestaram atrav\u00e9s de uma carta repudiando o pronunciamento do presidente Jair Bolsonaro, na noite desta ter\u00e7a-feira (24). Na&hellip; <\/p>\n","protected":false},"author":2,"featured_media":160129,"comment_status":"closed","ping_status":"closed","sticky":false,"template":"","format":"standard","meta":{"sfsi_plus_gutenberg_text_before_share":"","sfsi_plus_gutenberg_show_text_before_share":"","sfsi_plus_gutenberg_icon_type":"","sfsi_plus_gutenberg_icon_alignemt":"","sfsi_plus_gutenburg_max_per_row":"","footnotes":""},"categories":[2],"tags":[],"class_list":["post-160128","post","type-post","status-publish","format-standard","has-post-thumbnail","hentry","category-geral"],"_links":{"self":[{"href":"https:\/\/www.caririemacao.com\/1\/wp-json\/wp\/v2\/posts\/160128","targetHints":{"allow":["GET"]}}],"collection":[{"href":"https:\/\/www.caririemacao.com\/1\/wp-json\/wp\/v2\/posts"}],"about":[{"href":"https:\/\/www.caririemacao.com\/1\/wp-json\/wp\/v2\/types\/post"}],"author":[{"embeddable":true,"href":"https:\/\/www.caririemacao.com\/1\/wp-json\/wp\/v2\/users\/2"}],"replies":[{"embeddable":true,"href":"https:\/\/www.caririemacao.com\/1\/wp-json\/wp\/v2\/comments?post=160128"}],"version-history":[{"count":1,"href":"https:\/\/www.caririemacao.com\/1\/wp-json\/wp\/v2\/posts\/160128\/revisions"}],"predecessor-version":[{"id":160130,"href":"https:\/\/www.caririemacao.com\/1\/wp-json\/wp\/v2\/posts\/160128\/revisions\/160130"}],"wp:featuredmedia":[{"embeddable":true,"href":"https:\/\/www.caririemacao.com\/1\/wp-json\/wp\/v2\/media\/160129"}],"wp:attachment":[{"href":"https:\/\/www.caririemacao.com\/1\/wp-json\/wp\/v2\/media?parent=160128"}],"wp:term":[{"taxonomy":"category","embeddable":true,"href":"https:\/\/www.caririemacao.com\/1\/wp-json\/wp\/v2\/categories?post=160128"},{"taxonomy":"post_tag","embeddable":true,"href":"https:\/\/www.caririemacao.com\/1\/wp-json\/wp\/v2\/tags?post=160128"}],"curies":[{"name":"wp","href":"https:\/\/api.w.org\/{rel}","templated":true}]}}