{"id":160132,"date":"2020-03-25T11:18:53","date_gmt":"2020-03-25T14:18:53","guid":{"rendered":"http:\/\/www.caririemacao.com\/1\/?p=160132"},"modified":"2020-03-25T11:18:56","modified_gmt":"2020-03-25T14:18:56","slug":"adiada-proxima-fase-de-selecao-do-cfo-da-pm-da-paraiba-devido-ao-coronavirus","status":"publish","type":"post","link":"https:\/\/www.caririemacao.com\/1\/2020\/03\/25\/adiada-proxima-fase-de-selecao-do-cfo-da-pm-da-paraiba-devido-ao-coronavirus\/","title":{"rendered":"Adiada pr\u00f3xima fase de sele\u00e7\u00e3o do CFO da PM da Para\u00edba devido ao Coronav\u00edrus"},"content":{"rendered":"\n<p>A pr\u00f3xima fase do concurso do Curso de Forma\u00e7\u00e3o de Oficiais da Pol\u00edcia Militar da Para\u00edba (CFO-PM 2020) foi temporariamente adiada devido ao estado de calamidade p\u00fablica em raz\u00e3o do coronav\u00edrus (Covid-19). A informa\u00e7\u00e3o foi divulgada pela corpora\u00e7\u00e3o nesta ter\u00e7a-feira (24), no ato n\u00b0 011 da Comiss\u00e3o Coordenadora do Concurso.&nbsp;<\/p>\n\n\n\n<p>A fase era a terceira no processo de sele\u00e7\u00e3o e consistia na entrega dos exames de sa\u00fade e estava prevista para acontecer no pr\u00f3ximo dia 1\u00ba de abril.<\/p>\n\n\n\n<p>A suspens\u00e3o tempor\u00e1ria do processo levou em considera\u00e7\u00e3o a Lei Federal N.\u00ba 13.979, que disp\u00f5e sobre as medidas para enfrentamento da emerg\u00eancia de sa\u00fade p\u00fablica de import\u00e2ncia internacional decorrente do Covid-19 (coronav\u00edrus); o Decreto Estadual N.\u00ba 40.122, de 2020, que declara Situa\u00e7\u00e3o de Emerg\u00eancia no Estado da Para\u00edba; e o Decreto Estadual N.\u00ba 40.134\/2020, que declara Estado de Calamidade P\u00fablica, em raz\u00e3o da grave crise de sa\u00fade p\u00fablica decorrente da pandemia do Coronav\u00edrus (Covid-19).&nbsp;<\/p>\n\n\n\n<p>Essa 3\u00aa fase, composta de exames e testes cl\u00ednicos, bem como exames laboratoriais realizados \u00e0s expensas do candidato, acontece em todas as edi\u00e7\u00f5es do concurso do CFO, tem car\u00e1ter eliminat\u00f3rio, e o objetivo \u00e9 avaliar o estado geral de sa\u00fade, f\u00edsica e mental do candidato, e determinar as condi\u00e7\u00f5es indispens\u00e1veis ao desempenho da profiss\u00e3o policial militar.&nbsp;<\/p>\n\n\n\n<p>O ato que adiou a pr\u00f3xima fase foi publicado no site da corpora\u00e7\u00e3o, no link&nbsp;<a href=\"http:\/\/www.pm.pb.gov.br\/portal\/informacoes\/concursos\/concursos-publicos\/\">http:\/\/www.pm.pb.gov.br\/portal&#8230;<\/a>&nbsp;e ainda n\u00e3o h\u00e1 previs\u00e3o para o retorno normal do processo.&nbsp;<\/p>\n\n\n\n<p>Outra novidade \u00e9 quanto \u00e0 validade dos exames, que dever\u00e3o ser entregues quando o concurso for normalizado. Antes, eram v\u00e1lidos todos aqueles coletados ou realizados 90 dias anteriores \u00e0 data da realiza\u00e7\u00e3o da 3\u00aa fase. Agora, a sele\u00e7\u00e3o vai considerar todos os exames que tenham sido feitos do dia 02 de janeiro deste ano, at\u00e9 a futura data da realiza\u00e7\u00e3o da 3\u00aa fase, que ainda ser\u00e1 divulgado em tempo oportuno aos candidatos.&nbsp;<\/p>\n\n\n\n<p>Resultado &#8211; Ainda nesta ter\u00e7a-feira (24), no mesmo endere\u00e7o eletr\u00f4nico, tamb\u00e9m foi publicado o resultado da 2\u00aa fase do certame, que consistiu no exame psicol\u00f3gico aplicado no dia 15 de mar\u00e7o aos 150 candidatos habilitados.&nbsp;<br>&nbsp;<br>Os candidatos aprovados em todas as fases, dentro do n\u00famero de vagas, que s\u00e3o de 25 para homens e cinco para mulheres, ingressar\u00e3o no Curso de Forma\u00e7\u00e3o de Oficiais, que forma o policial para as fun\u00e7\u00f5es de dire\u00e7\u00e3o, chefia e comando da corpora\u00e7\u00e3o. O curso tem dura\u00e7\u00e3o de tr\u00eas anos letivos, acontece Academia de Pol\u00edcia Militar do Cabo Branco (APMCB), no Centro de Educa\u00e7\u00e3o da PM, em Jo\u00e3o Pessoa.<\/p>\n","protected":false},"excerpt":{"rendered":"<p>A pr\u00f3xima fase do concurso do Curso de Forma\u00e7\u00e3o de Oficiais da Pol\u00edcia Militar da Para\u00edba (CFO-PM 2020) foi temporariamente adiada devido ao estado de&hellip; <\/p>\n","protected":false},"author":2,"featured_media":160133,"comment_status":"closed","ping_status":"closed","sticky":false,"template":"","format":"standard","meta":{"sfsi_plus_gutenberg_text_before_share":"","sfsi_plus_gutenberg_show_text_before_share":"","sfsi_plus_gutenberg_icon_type":"","sfsi_plus_gutenberg_icon_alignemt":"","sfsi_plus_gutenburg_max_per_row":"","footnotes":""},"categories":[2],"tags":[],"class_list":["post-160132","post","type-post","status-publish","format-standard","has-post-thumbnail","hentry","category-geral"],"_links":{"self":[{"href":"https:\/\/www.caririemacao.com\/1\/wp-json\/wp\/v2\/posts\/160132","targetHints":{"allow":["GET"]}}],"collection":[{"href":"https:\/\/www.caririemacao.com\/1\/wp-json\/wp\/v2\/posts"}],"about":[{"href":"https:\/\/www.caririemacao.com\/1\/wp-json\/wp\/v2\/types\/post"}],"author":[{"embeddable":true,"href":"https:\/\/www.caririemacao.com\/1\/wp-json\/wp\/v2\/users\/2"}],"replies":[{"embeddable":true,"href":"https:\/\/www.caririemacao.com\/1\/wp-json\/wp\/v2\/comments?post=160132"}],"version-history":[{"count":1,"href":"https:\/\/www.caririemacao.com\/1\/wp-json\/wp\/v2\/posts\/160132\/revisions"}],"predecessor-version":[{"id":160134,"href":"https:\/\/www.caririemacao.com\/1\/wp-json\/wp\/v2\/posts\/160132\/revisions\/160134"}],"wp:featuredmedia":[{"embeddable":true,"href":"https:\/\/www.caririemacao.com\/1\/wp-json\/wp\/v2\/media\/160133"}],"wp:attachment":[{"href":"https:\/\/www.caririemacao.com\/1\/wp-json\/wp\/v2\/media?parent=160132"}],"wp:term":[{"taxonomy":"category","embeddable":true,"href":"https:\/\/www.caririemacao.com\/1\/wp-json\/wp\/v2\/categories?post=160132"},{"taxonomy":"post_tag","embeddable":true,"href":"https:\/\/www.caririemacao.com\/1\/wp-json\/wp\/v2\/tags?post=160132"}],"curies":[{"name":"wp","href":"https:\/\/api.w.org\/{rel}","templated":true}]}}