{"id":160136,"date":"2020-03-25T11:22:16","date_gmt":"2020-03-25T14:22:16","guid":{"rendered":"http:\/\/www.caririemacao.com\/1\/?p=160136"},"modified":"2020-03-25T11:22:17","modified_gmt":"2020-03-25T14:22:17","slug":"uepb-divulga-sexta-chamada-da-lista-de-espera-do-sisu","status":"publish","type":"post","link":"https:\/\/www.caririemacao.com\/1\/2020\/03\/25\/uepb-divulga-sexta-chamada-da-lista-de-espera-do-sisu\/","title":{"rendered":"UEPB divulga sexta chamada da lista de espera do Sisu"},"content":{"rendered":"\n<p>A Pr\u00f3-Reitoria de Gradua\u00e7\u00e3o (PROGRAD) da Universidade Estadual da Para\u00edba (UEPB) divulgou, nesta ter\u00e7a-feira (24), a sexta chamada da Lista de Espera do Sistema de Sele\u00e7\u00e3o Unificada (SiSU) 2020\/1. Os candidatos convocados nesta chamada devem efetuar matr\u00edcula enviando a documenta\u00e7\u00e3o exigida para o e-mail<br>vagnersantos@uepb.edu.br , at\u00e9 as 16h da pr\u00f3xima quinta-feira (26).<\/p>\n\n\n\n<p><a href=\"http:\/\/www.uepb.edu.br\/\">Confira a rela\u00e7\u00e3o completa<\/a><\/p>\n\n\n\n<p>Os documentos s\u00e3o os seguintes: Certificado de conclus\u00e3o do Ensino M\u00e9dio e Hist\u00f3rico Escolar; RG e CPF;prova de quita\u00e7\u00e3o com o Servi\u00e7o Militar (no caso de candidatos do sexo masculino); Registro de Nascimento ou Certid\u00e3o de Casamento; prova de quita\u00e7\u00e3o com o TRE, para maiores de 18 anos; uma fotografia 3\u00d74 recente; e o formul\u00e1rio de cadastramento de acordo com a cota escolhida na inscri\u00e7\u00e3o.<\/p>\n\n\n\n<p>Conforme as matr\u00edculas forem processadas, a PROGRAD enviar\u00e1 comprovante de matr\u00edcula via e-mail. A Pr\u00f3-Reitoria de Gradua\u00e7\u00e3o lembra aos candidatos matriculados por esse procedimento que, com o retorno das aulas, eles dever\u00e3o entregar os documentos de matr\u00edcula devidamente autenticados, ou as c\u00f3pias dos documentos junto com os originais, \u00e0 coordena\u00e7\u00e3o do curso.<\/p>\n\n\n\n<p>A matr\u00edcula s\u00f3 ser\u00e1 confirmada aos estudantes que apresentarem todos os documentos exigidos no Edital, n\u00e3o sendo permitida a complementa\u00e7\u00e3o de documentos posteriormente.<\/p>\n\n\n\n<p>Outras informa\u00e7\u00f5es podem ser obtidas pelo email vagnersantos@uepb.edu.br .&nbsp;<\/p>\n","protected":false},"excerpt":{"rendered":"<p>A Pr\u00f3-Reitoria de Gradua\u00e7\u00e3o (PROGRAD) da Universidade Estadual da Para\u00edba (UEPB) divulgou, nesta ter\u00e7a-feira (24), a sexta chamada da Lista de Espera do Sistema de&hellip; <\/p>\n","protected":false},"author":2,"featured_media":160137,"comment_status":"closed","ping_status":"closed","sticky":false,"template":"","format":"standard","meta":{"sfsi_plus_gutenberg_text_before_share":"","sfsi_plus_gutenberg_show_text_before_share":"","sfsi_plus_gutenberg_icon_type":"","sfsi_plus_gutenberg_icon_alignemt":"","sfsi_plus_gutenburg_max_per_row":"","footnotes":""},"categories":[2],"tags":[],"class_list":["post-160136","post","type-post","status-publish","format-standard","has-post-thumbnail","hentry","category-geral"],"_links":{"self":[{"href":"https:\/\/www.caririemacao.com\/1\/wp-json\/wp\/v2\/posts\/160136","targetHints":{"allow":["GET"]}}],"collection":[{"href":"https:\/\/www.caririemacao.com\/1\/wp-json\/wp\/v2\/posts"}],"about":[{"href":"https:\/\/www.caririemacao.com\/1\/wp-json\/wp\/v2\/types\/post"}],"author":[{"embeddable":true,"href":"https:\/\/www.caririemacao.com\/1\/wp-json\/wp\/v2\/users\/2"}],"replies":[{"embeddable":true,"href":"https:\/\/www.caririemacao.com\/1\/wp-json\/wp\/v2\/comments?post=160136"}],"version-history":[{"count":1,"href":"https:\/\/www.caririemacao.com\/1\/wp-json\/wp\/v2\/posts\/160136\/revisions"}],"predecessor-version":[{"id":160138,"href":"https:\/\/www.caririemacao.com\/1\/wp-json\/wp\/v2\/posts\/160136\/revisions\/160138"}],"wp:featuredmedia":[{"embeddable":true,"href":"https:\/\/www.caririemacao.com\/1\/wp-json\/wp\/v2\/media\/160137"}],"wp:attachment":[{"href":"https:\/\/www.caririemacao.com\/1\/wp-json\/wp\/v2\/media?parent=160136"}],"wp:term":[{"taxonomy":"category","embeddable":true,"href":"https:\/\/www.caririemacao.com\/1\/wp-json\/wp\/v2\/categories?post=160136"},{"taxonomy":"post_tag","embeddable":true,"href":"https:\/\/www.caririemacao.com\/1\/wp-json\/wp\/v2\/tags?post=160136"}],"curies":[{"name":"wp","href":"https:\/\/api.w.org\/{rel}","templated":true}]}}