{"id":160142,"date":"2020-03-25T11:26:35","date_gmt":"2020-03-25T14:26:35","guid":{"rendered":"http:\/\/www.caririemacao.com\/1\/?p=160142"},"modified":"2020-03-25T11:26:38","modified_gmt":"2020-03-25T14:26:38","slug":"covid-19-abertas-inscricoes-para-selecao-de-profissionais-de-saude-na-paraiba","status":"publish","type":"post","link":"https:\/\/www.caririemacao.com\/1\/2020\/03\/25\/covid-19-abertas-inscricoes-para-selecao-de-profissionais-de-saude-na-paraiba\/","title":{"rendered":"Covid-19: Abertas inscri\u00e7\u00f5es para sele\u00e7\u00e3o de profissionais de sa\u00fade na Para\u00edba"},"content":{"rendered":"\n<p>Governo do Estado da Para\u00edba, por meio da Secretaria de Estado da Sa\u00fade (SES), iniciou nesta ter\u00e7a-feira (24) as inscri\u00e7\u00f5es para a sele\u00e7\u00e3o simplificada de profissionais de sa\u00fade. As vagas s\u00e3o para os munic\u00edpios de Cajazeiras, Campina Grande, Jo\u00e3o Pessoa, Mamanguape, Patos e Pombal, e visam suprir as demandas dos hospitais, provenientes da pandemia do novo coronav\u00edrus (Covid-19).<\/p>\n\n\n\n<figure class=\"wp-block-image\"><img decoding=\"async\" data-src=\"https:\/\/paraibaonline.com.br\/wp-content\/uploads\/2018\/01\/concurso.jpg\" alt=\"Para\u00edba Online \u2022 Covid-19: Abertas inscri\u00e7\u00f5es para sele\u00e7\u00e3o de profissionais de sa\u00fade na Para\u00edba\" class=\"wp-image-240304 lazyload\" src=\"data:image\/svg+xml;base64,PHN2ZyB3aWR0aD0iMSIgaGVpZ2h0PSIxIiB4bWxucz0iaHR0cDovL3d3dy53My5vcmcvMjAwMC9zdmciPjwvc3ZnPg==\" \/><\/figure>\n\n\n\n<p>Foto: Reprodu\u00e7\u00e3o<\/p>\n\n\n\n<p>As inscri\u00e7\u00f5es podem ser realizadas at\u00e9 o dia 27 de mar\u00e7o no site&nbsp;<a href=\"https:\/\/paraiba.us20.list-manage.com\/track\/click?u=63cd2f513d25ab116c25e0753&amp;id=54fa89d932&amp;e=9cfe509c15\" target=\"_blank\" rel=\"noreferrer noopener\">www.portaldacidadania.pb.gov.br<\/a>&nbsp;. O contrato de trabalho ter\u00e1 validade de 90 (noventa dias) e pode ser prorrogado por igual per\u00edodo.<\/p>\n\n\n\n<p>O edital, publicado no Di\u00e1rio Oficial desta ter\u00e7a-feira, prev\u00ea 346 vagas para m\u00e9dicos, 1.606 para profissionais da enfermagem, 336 para Fisioterapeutas, 10 vagas para o Lacen-PB, 100 vagas para t\u00e9cnico em vigil\u00e2ncia em sa\u00fade, 50 para t\u00e9cnico em an\u00e1lises cl\u00ednicas e 5 vagas para videofonista.<\/p>\n\n\n\n<p>Algumas destas vagas ser\u00e3o destinadas ao Complexo regulador estadual para Covid-19.<\/p>\n\n\n\n<p>O candidato s\u00f3 poder\u00e1 se inscrever uma vez. Constatada mais de uma inscri\u00e7\u00e3o o candidato ser\u00e1 exclu\u00eddo do processo.&nbsp;&nbsp;A remunera\u00e7\u00e3o varia de um sal\u00e1rio m\u00ednimo at\u00e9 R$ 14 mil.<\/p>\n\n\n\n<p>A Chamada P\u00fablica ser\u00e1 feita de forma regionalizada, na qual o candidato concorrer\u00e1 apenas \u00e0 vaga da Ger\u00eancia Regional de Sa\u00fade para a qual se inscreveu. Os plant\u00f5es ser\u00e3o realizados em 40 horas semanais e, de acordo com o secret\u00e1rio estadual de sa\u00fade, Geraldo Medeiros, as medidas respeitam legisla\u00e7\u00e3o em vigor e protegem o profissional de sa\u00fade.<\/p>\n\n\n\n<p>\u201cEnfatizamos que este \u00e9 um momento em que precisaremos de refor\u00e7o, por uma situa\u00e7\u00e3o at\u00edpica em todo o mundo, por\u00e9m n\u00e3o devemos deixar de cuidar da sa\u00fade dos profissionais. A carga hor\u00e1ria e os plant\u00f5es foi proposta de forma que n\u00e3o exponha os m\u00e9dicos, enfermeiros e demais profissionais ao contato com o paciente durante um tempo prolongado, minimizando o risco de contamina\u00e7\u00e3o\u201d, enfatizou o secret\u00e1rio.<\/p>\n\n\n\n<p>As chamadas ser\u00e3o realizadas de forma gradativa, de acordo com a amplia\u00e7\u00e3o de leitos nas ondas de combate ao coronav\u00edrus. Por conta do risco de aumento de mortalidade do coronav\u00edrus (Covid-19), n\u00e3o ser\u00e1 permitida a participa\u00e7\u00e3o de candidatos com mais de 60 anos de idade, ou que se enquadrem em outro grupo de risco da doen\u00e7a.<\/p>\n","protected":false},"excerpt":{"rendered":"<p>Governo do Estado da Para\u00edba, por meio da Secretaria de Estado da Sa\u00fade (SES), iniciou nesta ter\u00e7a-feira (24) as inscri\u00e7\u00f5es para a sele\u00e7\u00e3o simplificada de&hellip; <\/p>\n","protected":false},"author":2,"featured_media":160143,"comment_status":"closed","ping_status":"closed","sticky":false,"template":"","format":"standard","meta":{"sfsi_plus_gutenberg_text_before_share":"","sfsi_plus_gutenberg_show_text_before_share":"","sfsi_plus_gutenberg_icon_type":"","sfsi_plus_gutenberg_icon_alignemt":"","sfsi_plus_gutenburg_max_per_row":"","footnotes":""},"categories":[50,16],"tags":[],"class_list":["post-160142","post","type-post","status-publish","format-standard","has-post-thumbnail","hentry","category-destaque","category-saude"],"_links":{"self":[{"href":"https:\/\/www.caririemacao.com\/1\/wp-json\/wp\/v2\/posts\/160142","targetHints":{"allow":["GET"]}}],"collection":[{"href":"https:\/\/www.caririemacao.com\/1\/wp-json\/wp\/v2\/posts"}],"about":[{"href":"https:\/\/www.caririemacao.com\/1\/wp-json\/wp\/v2\/types\/post"}],"author":[{"embeddable":true,"href":"https:\/\/www.caririemacao.com\/1\/wp-json\/wp\/v2\/users\/2"}],"replies":[{"embeddable":true,"href":"https:\/\/www.caririemacao.com\/1\/wp-json\/wp\/v2\/comments?post=160142"}],"version-history":[{"count":1,"href":"https:\/\/www.caririemacao.com\/1\/wp-json\/wp\/v2\/posts\/160142\/revisions"}],"predecessor-version":[{"id":160144,"href":"https:\/\/www.caririemacao.com\/1\/wp-json\/wp\/v2\/posts\/160142\/revisions\/160144"}],"wp:featuredmedia":[{"embeddable":true,"href":"https:\/\/www.caririemacao.com\/1\/wp-json\/wp\/v2\/media\/160143"}],"wp:attachment":[{"href":"https:\/\/www.caririemacao.com\/1\/wp-json\/wp\/v2\/media?parent=160142"}],"wp:term":[{"taxonomy":"category","embeddable":true,"href":"https:\/\/www.caririemacao.com\/1\/wp-json\/wp\/v2\/categories?post=160142"},{"taxonomy":"post_tag","embeddable":true,"href":"https:\/\/www.caririemacao.com\/1\/wp-json\/wp\/v2\/tags?post=160142"}],"curies":[{"name":"wp","href":"https:\/\/api.w.org\/{rel}","templated":true}]}}