{"id":160149,"date":"2020-03-25T11:31:49","date_gmt":"2020-03-25T14:31:49","guid":{"rendered":"http:\/\/www.caririemacao.com\/1\/?p=160149"},"modified":"2020-03-25T11:31:51","modified_gmt":"2020-03-25T14:31:51","slug":"comerciante-tem-moto-tomada-por-assalto-em-monteiro","status":"publish","type":"post","link":"https:\/\/www.caririemacao.com\/1\/2020\/03\/25\/comerciante-tem-moto-tomada-por-assalto-em-monteiro\/","title":{"rendered":"Comerciante tem moto tomada por assalto em Monteiro"},"content":{"rendered":"\n<p>Um comerciante do ramo de padarias foi alvo de bandidos na noite desta ter\u00e7a-feira (24) e teve sua moto tomada de assalto quando chegava em sua resid\u00eancia pr\u00f3ximo \u00e0 pra\u00e7a do bairro do Alto de S\u00e3o Vicente em Monteiro.<br>Na a\u00e7\u00e3o criminosa os ladr\u00f5es levaram da v\u00edtima uma motocicleta Honda Bros com vermelha, placa NPY-7351, e uma a quantia em dinheiro, fruto do apurado de seu com\u00e9rcio naquele dia, quantia esta n\u00e3o revelada.<br>O comerciante e sua esposa teriam sido inclusive v\u00edtimas de viol\u00eancia f\u00edsica por parte dos bandidos.<strong><br><\/strong><strong>OPIPOCO<\/strong><\/p>\n","protected":false},"excerpt":{"rendered":"<p>Um comerciante do ramo de padarias foi alvo de bandidos na noite desta ter\u00e7a-feira (24) e teve sua moto tomada de assalto quando chegava em&hellip; <\/p>\n","protected":false},"author":2,"featured_media":160150,"comment_status":"closed","ping_status":"closed","sticky":false,"template":"","format":"standard","meta":{"sfsi_plus_gutenberg_text_before_share":"","sfsi_plus_gutenberg_show_text_before_share":"","sfsi_plus_gutenberg_icon_type":"","sfsi_plus_gutenberg_icon_alignemt":"","sfsi_plus_gutenburg_max_per_row":"","footnotes":""},"categories":[12],"tags":[],"class_list":["post-160149","post","type-post","status-publish","format-standard","has-post-thumbnail","hentry","category-policia"],"_links":{"self":[{"href":"https:\/\/www.caririemacao.com\/1\/wp-json\/wp\/v2\/posts\/160149","targetHints":{"allow":["GET"]}}],"collection":[{"href":"https:\/\/www.caririemacao.com\/1\/wp-json\/wp\/v2\/posts"}],"about":[{"href":"https:\/\/www.caririemacao.com\/1\/wp-json\/wp\/v2\/types\/post"}],"author":[{"embeddable":true,"href":"https:\/\/www.caririemacao.com\/1\/wp-json\/wp\/v2\/users\/2"}],"replies":[{"embeddable":true,"href":"https:\/\/www.caririemacao.com\/1\/wp-json\/wp\/v2\/comments?post=160149"}],"version-history":[{"count":1,"href":"https:\/\/www.caririemacao.com\/1\/wp-json\/wp\/v2\/posts\/160149\/revisions"}],"predecessor-version":[{"id":160151,"href":"https:\/\/www.caririemacao.com\/1\/wp-json\/wp\/v2\/posts\/160149\/revisions\/160151"}],"wp:featuredmedia":[{"embeddable":true,"href":"https:\/\/www.caririemacao.com\/1\/wp-json\/wp\/v2\/media\/160150"}],"wp:attachment":[{"href":"https:\/\/www.caririemacao.com\/1\/wp-json\/wp\/v2\/media?parent=160149"}],"wp:term":[{"taxonomy":"category","embeddable":true,"href":"https:\/\/www.caririemacao.com\/1\/wp-json\/wp\/v2\/categories?post=160149"},{"taxonomy":"post_tag","embeddable":true,"href":"https:\/\/www.caririemacao.com\/1\/wp-json\/wp\/v2\/tags?post=160149"}],"curies":[{"name":"wp","href":"https:\/\/api.w.org\/{rel}","templated":true}]}}