{"id":160152,"date":"2020-03-25T11:33:57","date_gmt":"2020-03-25T14:33:57","guid":{"rendered":"http:\/\/www.caririemacao.com\/1\/?p=160152"},"modified":"2020-03-25T11:33:59","modified_gmt":"2020-03-25T14:33:59","slug":"secretaria-de-agricultura-de-monteiro-intensifica-cuidados-com-a-populacao","status":"publish","type":"post","link":"https:\/\/www.caririemacao.com\/1\/2020\/03\/25\/secretaria-de-agricultura-de-monteiro-intensifica-cuidados-com-a-populacao\/","title":{"rendered":"Secretaria de Agricultura de Monteiro intensifica cuidados com a popula\u00e7\u00e3o"},"content":{"rendered":"\n<p>Devido \u00e0s grandes precipita\u00e7\u00f5es pluviom\u00e9tricas que vem acometendo a regi\u00e3o do cariri, a Prefeitura de Monteiro, atrav\u00e9s da Secretaria de Agricultura, tem realizado um monitoramento intenso sobre as comunidades rurais.<\/p>\n\n\n\n<p>Para garantir que a popula\u00e7\u00e3o n\u00e3o sofra graves consequ\u00eancias devidos as chuvas, os reservat\u00f3rios contam com equipes que realizam de hora em hora a verifica\u00e7\u00e3o da altura das \u00e1guas, a exemplo do a\u00e7ude de Pocinhos.<\/p>\n\n\n\n<p>Conforme o pedido da popula\u00e7\u00e3o feito \u00e0 prefeita Anna Lorena, t\u00e9cnicos da AESA se deslocaram e verificaram as situa\u00e7\u00f5es apontadas para que os monteirenses possam gozar de uma quarentena tranquila.<\/p>\n\n\n\n<p>\u201cEstamos tomando v\u00e1rias provid\u00eancias como deixar equipes de plant\u00e3o, em conjunto com as demais secretarias, principalmente Infraestrutura e Desenvolvimento Social. Sabemos que existem localidades que tem probabilidade de alagamento, e neste sentido j\u00e1 acionamos a AESA e o Minist\u00e9rio da Integra\u00e7\u00e3o levando as notifica\u00e7\u00f5es sobre os riscos de transbordamento Mesmo com a crise que o coronav\u00edrus vem trazendo ao munic\u00edpio, estamos todos de sobreaviso e com todo cuidado que a popula\u00e7\u00e3o merece\u201d, informa a prefeita Anna Lorena.<\/p>\n\n\n\n<p>O vice-prefeito Celecileno Alves, que tamb\u00e9m tem realizado um trabalho de monitoramento junto ao secret\u00e1rio Chova, tranquiliza a popula\u00e7\u00e3o: \u201cObservamos que a vas\u00e3o da sangria do reservat\u00f3rio de Pocinhos j\u00e1 baixou. Seguiremos em observa\u00e7\u00e3o para que a popula\u00e7\u00e3o possa dormir tranquila\u201d.<\/p>\n","protected":false},"excerpt":{"rendered":"<p>Devido \u00e0s grandes precipita\u00e7\u00f5es pluviom\u00e9tricas que vem acometendo a regi\u00e3o do cariri, a Prefeitura de Monteiro, atrav\u00e9s da Secretaria de Agricultura, tem realizado um monitoramento&hellip; <\/p>\n","protected":false},"author":2,"featured_media":160153,"comment_status":"closed","ping_status":"closed","sticky":false,"template":"","format":"standard","meta":{"sfsi_plus_gutenberg_text_before_share":"","sfsi_plus_gutenberg_show_text_before_share":"","sfsi_plus_gutenberg_icon_type":"","sfsi_plus_gutenberg_icon_alignemt":"","sfsi_plus_gutenburg_max_per_row":"","footnotes":""},"categories":[2],"tags":[],"class_list":["post-160152","post","type-post","status-publish","format-standard","has-post-thumbnail","hentry","category-geral"],"_links":{"self":[{"href":"https:\/\/www.caririemacao.com\/1\/wp-json\/wp\/v2\/posts\/160152","targetHints":{"allow":["GET"]}}],"collection":[{"href":"https:\/\/www.caririemacao.com\/1\/wp-json\/wp\/v2\/posts"}],"about":[{"href":"https:\/\/www.caririemacao.com\/1\/wp-json\/wp\/v2\/types\/post"}],"author":[{"embeddable":true,"href":"https:\/\/www.caririemacao.com\/1\/wp-json\/wp\/v2\/users\/2"}],"replies":[{"embeddable":true,"href":"https:\/\/www.caririemacao.com\/1\/wp-json\/wp\/v2\/comments?post=160152"}],"version-history":[{"count":1,"href":"https:\/\/www.caririemacao.com\/1\/wp-json\/wp\/v2\/posts\/160152\/revisions"}],"predecessor-version":[{"id":160154,"href":"https:\/\/www.caririemacao.com\/1\/wp-json\/wp\/v2\/posts\/160152\/revisions\/160154"}],"wp:featuredmedia":[{"embeddable":true,"href":"https:\/\/www.caririemacao.com\/1\/wp-json\/wp\/v2\/media\/160153"}],"wp:attachment":[{"href":"https:\/\/www.caririemacao.com\/1\/wp-json\/wp\/v2\/media?parent=160152"}],"wp:term":[{"taxonomy":"category","embeddable":true,"href":"https:\/\/www.caririemacao.com\/1\/wp-json\/wp\/v2\/categories?post=160152"},{"taxonomy":"post_tag","embeddable":true,"href":"https:\/\/www.caririemacao.com\/1\/wp-json\/wp\/v2\/tags?post=160152"}],"curies":[{"name":"wp","href":"https:\/\/api.w.org\/{rel}","templated":true}]}}