{"id":160155,"date":"2020-03-25T11:38:07","date_gmt":"2020-03-25T14:38:07","guid":{"rendered":"http:\/\/www.caririemacao.com\/1\/?p=160155"},"modified":"2020-03-25T11:38:09","modified_gmt":"2020-03-25T14:38:09","slug":"bolsonaro-vai-pedir-ao-ministerio-da-saude-isolamento-apenas-para-idosos","status":"publish","type":"post","link":"https:\/\/www.caririemacao.com\/1\/2020\/03\/25\/bolsonaro-vai-pedir-ao-ministerio-da-saude-isolamento-apenas-para-idosos\/","title":{"rendered":"Bolsonaro vai pedir ao Minist\u00e9rio da Sa\u00fade isolamento apenas para idosos"},"content":{"rendered":"\n<p>O presidente da Rep\u00fablica, Jair Bolsonaro, manteve, nesta quarta-feira (25), posicionamento em rela\u00e7\u00e3o \u00e0 pandemia, voltou a defender o fim da quarentena e revelou que vai pedir ao Minist\u00e9rio da Sa\u00fade que o isolamento social seja imposto apenas a grupos de risco, como idosos.<\/p>\n\n\n\n<p>\u201cVou conversar com ele (Luiz Henrique Mandetta, ministro da Sa\u00fade) e tomar a decis\u00e3o. Cara, voc\u00ea tem que isolar quem voc\u00ea pode. Voc\u00ea quer que eu fa\u00e7a o qu\u00ea? Eu tenho o poder de pegar cada idoso e levar para um lugar? \u00c9 a fam\u00edlia dele que tem que cuidar dele no primeiro lugar\u201d, afirmou o presidente.<\/p>\n\n\n\n<p>Bolsonaro voltou a criticar governadores que adotaram medidas que restringem a circula\u00e7\u00e3o e afirmou que eles prejudicam a economia, o que, segundo o presidente, pode gerar um caos.<\/p>\n\n\n\n<p><strong>MaisPB<\/strong><\/p>\n\n\n\n<p><\/p>\n","protected":false},"excerpt":{"rendered":"<p>O presidente da Rep\u00fablica, Jair Bolsonaro, manteve, nesta quarta-feira (25), posicionamento em rela\u00e7\u00e3o \u00e0 pandemia, voltou a defender o fim da quarentena e revelou que&hellip; <\/p>\n","protected":false},"author":2,"featured_media":160156,"comment_status":"closed","ping_status":"closed","sticky":false,"template":"","format":"standard","meta":{"sfsi_plus_gutenberg_text_before_share":"","sfsi_plus_gutenberg_show_text_before_share":"","sfsi_plus_gutenberg_icon_type":"","sfsi_plus_gutenberg_icon_alignemt":"","sfsi_plus_gutenburg_max_per_row":"","footnotes":""},"categories":[50,11],"tags":[],"class_list":["post-160155","post","type-post","status-publish","format-standard","has-post-thumbnail","hentry","category-destaque","category-politica"],"_links":{"self":[{"href":"https:\/\/www.caririemacao.com\/1\/wp-json\/wp\/v2\/posts\/160155","targetHints":{"allow":["GET"]}}],"collection":[{"href":"https:\/\/www.caririemacao.com\/1\/wp-json\/wp\/v2\/posts"}],"about":[{"href":"https:\/\/www.caririemacao.com\/1\/wp-json\/wp\/v2\/types\/post"}],"author":[{"embeddable":true,"href":"https:\/\/www.caririemacao.com\/1\/wp-json\/wp\/v2\/users\/2"}],"replies":[{"embeddable":true,"href":"https:\/\/www.caririemacao.com\/1\/wp-json\/wp\/v2\/comments?post=160155"}],"version-history":[{"count":1,"href":"https:\/\/www.caririemacao.com\/1\/wp-json\/wp\/v2\/posts\/160155\/revisions"}],"predecessor-version":[{"id":160157,"href":"https:\/\/www.caririemacao.com\/1\/wp-json\/wp\/v2\/posts\/160155\/revisions\/160157"}],"wp:featuredmedia":[{"embeddable":true,"href":"https:\/\/www.caririemacao.com\/1\/wp-json\/wp\/v2\/media\/160156"}],"wp:attachment":[{"href":"https:\/\/www.caririemacao.com\/1\/wp-json\/wp\/v2\/media?parent=160155"}],"wp:term":[{"taxonomy":"category","embeddable":true,"href":"https:\/\/www.caririemacao.com\/1\/wp-json\/wp\/v2\/categories?post=160155"},{"taxonomy":"post_tag","embeddable":true,"href":"https:\/\/www.caririemacao.com\/1\/wp-json\/wp\/v2\/tags?post=160155"}],"curies":[{"name":"wp","href":"https:\/\/api.w.org\/{rel}","templated":true}]}}