{"id":160160,"date":"2020-03-25T12:16:36","date_gmt":"2020-03-25T15:16:36","guid":{"rendered":"http:\/\/www.caririemacao.com\/1\/?p=160160"},"modified":"2020-03-25T12:16:37","modified_gmt":"2020-03-25T15:16:37","slug":"prefeitos-da-paraiba-repudiam-fala-do-presidente-bolsonaro","status":"publish","type":"post","link":"https:\/\/www.caririemacao.com\/1\/2020\/03\/25\/prefeitos-da-paraiba-repudiam-fala-do-presidente-bolsonaro\/","title":{"rendered":"Prefeitos da Para\u00edba repudiam fala do presidente Bolsonaro"},"content":{"rendered":"\n<p>A Federa\u00e7\u00e3o das Associa\u00e7\u00f5es de Munic\u00edpios da Para\u00edba (Famup)emitiu carta de rep\u00fadio ao presidente da Rep\u00fablica, Jair Bolsonaro, pelo seu pronunciamento na noite da ter\u00e7a-feira (24), em rede nacional, diminuindo a gravidade da pandemia do coronav\u00edrus e orientando as pessoas a voltarem \u00e0 vida normal. Eles classificaram como irrespons\u00e1veis as declara\u00e7\u00f5es e pediram para que a popula\u00e7\u00e3o siga as orienta\u00e7\u00f5es das autoridades em sa\u00fade e sanit\u00e1rias, ficando em casa.<\/p>\n\n\n\n<p><strong>Confira a carta na \u00edntegra<\/strong><\/p>\n\n\n\n<p><em><strong>Carta de rep\u00fadio ao presidente da Rep\u00fablica Jair Bolsonaro<\/strong><\/em><br><br><em>Os prefeitos paraibanos, representados pela Federa\u00e7\u00e3o das Associa\u00e7\u00f5es de Munic\u00edpios da Para\u00edba (Famup), repudiam o pronunciamento feito pelo presidente da Rep\u00fablica, Jair Bolsonaro, em rede nacional, que tratou de gripezinha uma pandemia que j\u00e1 matou 18.715 pessoas no mundo e ainda convocou a popula\u00e7\u00e3o a voltar \u00e0 vida normal.<\/em><br><br><em>Em um momento de grande crise, onde vivenciamos um problema de sa\u00fade p\u00fablica e que fez com que a nossa economia parasse, precisamos de um presidente que aja com responsabilidade e se porte como estadista. Ideologias baseadas em entendimento pr\u00f3prio e colocar em primeiro plano o lucro, em detrimento \u00e0 vida de cidad\u00e3os, s\u00f3 nos faz crer que estamos diante de uma pol\u00edtica genocida.<\/em><br><br><em>Repudiamos as declara\u00e7\u00f5es e pedimos que a popula\u00e7\u00e3o desconsidere as insanidades ditas pelo nosso presidente. Estamos na ponta, sentimos na pele a real situa\u00e7\u00e3o da popula\u00e7\u00e3o, vivenciamos tudo, sofremos junto e sabemos que nosso sistema de sa\u00fade n\u00e3o aguenta e n\u00e3o tem capacidade para atender tantas pessoas.<\/em><br><br><em>Nossa expectativa era de an\u00fancio em rede nacional com medidas concretas para a sa\u00fade p\u00fablica. Aguard\u00e1vamos o reconhecimento e o agradecimento aos profissionais da sa\u00fade que est\u00e3o arriscando as suas vidas e trabalhando \u00e0 exaust\u00e3o. Quer\u00edamos ouvir solu\u00e7\u00f5es para matar a fome da popula\u00e7\u00e3o, medidas para salvar a nossa economia. Esper\u00e1vamos de um presidente uma postura s\u00e9ria e a preocupa\u00e7\u00e3o com a vida das pessoas.<\/em><br><br><em>N\u00e3o somos irrespons\u00e1veis, fomos eleitos para defender os interesses e gerir os munic\u00edpios paraibanos. Na falta de um l\u00edder nacional, lideramos. Pedimos \u00e0 popula\u00e7\u00e3o que siga as orienta\u00e7\u00f5es das autoridades em sa\u00fade e sanit\u00e1rias, que s\u00e3o baseadas em evid\u00eancias cient\u00edficas. Juntos podemos mudar essa realidade. Todas as vidas s\u00e3o importantes para n\u00f3s, por isso, respeitem a quarentena e fiquem em casa. O coronav\u00edrus \u00e9 um problema ser\u00edssimo, que pode matar muitas pessoas em nosso Pa\u00eds!<\/em><\/p>\n","protected":false},"excerpt":{"rendered":"<p>A Federa\u00e7\u00e3o das Associa\u00e7\u00f5es de Munic\u00edpios da Para\u00edba (Famup)emitiu carta de rep\u00fadio ao presidente da Rep\u00fablica, Jair Bolsonaro, pelo seu pronunciamento na noite da ter\u00e7a-feira&hellip; <\/p>\n","protected":false},"author":2,"featured_media":160161,"comment_status":"closed","ping_status":"closed","sticky":false,"template":"","format":"standard","meta":{"sfsi_plus_gutenberg_text_before_share":"","sfsi_plus_gutenberg_show_text_before_share":"","sfsi_plus_gutenberg_icon_type":"","sfsi_plus_gutenberg_icon_alignemt":"","sfsi_plus_gutenburg_max_per_row":"","footnotes":""},"categories":[6],"tags":[],"class_list":["post-160160","post","type-post","status-publish","format-standard","has-post-thumbnail","hentry","category-cidades"],"_links":{"self":[{"href":"https:\/\/www.caririemacao.com\/1\/wp-json\/wp\/v2\/posts\/160160","targetHints":{"allow":["GET"]}}],"collection":[{"href":"https:\/\/www.caririemacao.com\/1\/wp-json\/wp\/v2\/posts"}],"about":[{"href":"https:\/\/www.caririemacao.com\/1\/wp-json\/wp\/v2\/types\/post"}],"author":[{"embeddable":true,"href":"https:\/\/www.caririemacao.com\/1\/wp-json\/wp\/v2\/users\/2"}],"replies":[{"embeddable":true,"href":"https:\/\/www.caririemacao.com\/1\/wp-json\/wp\/v2\/comments?post=160160"}],"version-history":[{"count":1,"href":"https:\/\/www.caririemacao.com\/1\/wp-json\/wp\/v2\/posts\/160160\/revisions"}],"predecessor-version":[{"id":160162,"href":"https:\/\/www.caririemacao.com\/1\/wp-json\/wp\/v2\/posts\/160160\/revisions\/160162"}],"wp:featuredmedia":[{"embeddable":true,"href":"https:\/\/www.caririemacao.com\/1\/wp-json\/wp\/v2\/media\/160161"}],"wp:attachment":[{"href":"https:\/\/www.caririemacao.com\/1\/wp-json\/wp\/v2\/media?parent=160160"}],"wp:term":[{"taxonomy":"category","embeddable":true,"href":"https:\/\/www.caririemacao.com\/1\/wp-json\/wp\/v2\/categories?post=160160"},{"taxonomy":"post_tag","embeddable":true,"href":"https:\/\/www.caririemacao.com\/1\/wp-json\/wp\/v2\/tags?post=160160"}],"curies":[{"name":"wp","href":"https:\/\/api.w.org\/{rel}","templated":true}]}}