{"id":160164,"date":"2020-03-25T12:17:37","date_gmt":"2020-03-25T15:17:37","guid":{"rendered":"http:\/\/www.caririemacao.com\/1\/?p=160164"},"modified":"2020-03-25T12:17:38","modified_gmt":"2020-03-25T15:17:38","slug":"animal-na-pista-provoca-acidente-com-van-da-prefeitura-de-monteiro","status":"publish","type":"post","link":"https:\/\/www.caririemacao.com\/1\/2020\/03\/25\/animal-na-pista-provoca-acidente-com-van-da-prefeitura-de-monteiro\/","title":{"rendered":"Animal na pista provoca acidente com van da Prefeitura de Monteiro"},"content":{"rendered":"\n<p>Uma van da Prefeitura de Monteiro que transporta pacientes que fazem hemodi\u00e1lise colidiu com um cavalo na manh\u00e3 desta quarta-feira (25), na BR-412, em Monteiro.<\/p>\n\n\n\n<p>De acordo com informa\u00e7\u00f5es, a colis\u00e3o aconteceu pr\u00f3ximo a Pousada Imperial, h\u00e1 poucos quil\u00f4metros da cidade, ap\u00f3s o cavalo cruzar a rodovia.<\/p>\n\n\n\n<p>O condutor e os passageiros passam bem, e houve apenas danos materiais.<\/p>\n","protected":false},"excerpt":{"rendered":"<p>Uma van da Prefeitura de Monteiro que transporta pacientes que fazem hemodi\u00e1lise colidiu com um cavalo na manh\u00e3 desta quarta-feira (25), na BR-412, em Monteiro.&hellip; <\/p>\n","protected":false},"author":2,"featured_media":160166,"comment_status":"closed","ping_status":"closed","sticky":false,"template":"","format":"standard","meta":{"sfsi_plus_gutenberg_text_before_share":"","sfsi_plus_gutenberg_show_text_before_share":"","sfsi_plus_gutenberg_icon_type":"","sfsi_plus_gutenberg_icon_alignemt":"","sfsi_plus_gutenburg_max_per_row":"","footnotes":""},"categories":[50,12],"tags":[],"class_list":["post-160164","post","type-post","status-publish","format-standard","has-post-thumbnail","hentry","category-destaque","category-policia"],"_links":{"self":[{"href":"https:\/\/www.caririemacao.com\/1\/wp-json\/wp\/v2\/posts\/160164","targetHints":{"allow":["GET"]}}],"collection":[{"href":"https:\/\/www.caririemacao.com\/1\/wp-json\/wp\/v2\/posts"}],"about":[{"href":"https:\/\/www.caririemacao.com\/1\/wp-json\/wp\/v2\/types\/post"}],"author":[{"embeddable":true,"href":"https:\/\/www.caririemacao.com\/1\/wp-json\/wp\/v2\/users\/2"}],"replies":[{"embeddable":true,"href":"https:\/\/www.caririemacao.com\/1\/wp-json\/wp\/v2\/comments?post=160164"}],"version-history":[{"count":1,"href":"https:\/\/www.caririemacao.com\/1\/wp-json\/wp\/v2\/posts\/160164\/revisions"}],"predecessor-version":[{"id":160167,"href":"https:\/\/www.caririemacao.com\/1\/wp-json\/wp\/v2\/posts\/160164\/revisions\/160167"}],"wp:featuredmedia":[{"embeddable":true,"href":"https:\/\/www.caririemacao.com\/1\/wp-json\/wp\/v2\/media\/160166"}],"wp:attachment":[{"href":"https:\/\/www.caririemacao.com\/1\/wp-json\/wp\/v2\/media?parent=160164"}],"wp:term":[{"taxonomy":"category","embeddable":true,"href":"https:\/\/www.caririemacao.com\/1\/wp-json\/wp\/v2\/categories?post=160164"},{"taxonomy":"post_tag","embeddable":true,"href":"https:\/\/www.caririemacao.com\/1\/wp-json\/wp\/v2\/tags?post=160164"}],"curies":[{"name":"wp","href":"https:\/\/api.w.org\/{rel}","templated":true}]}}