{"id":160169,"date":"2020-03-25T12:18:33","date_gmt":"2020-03-25T15:18:33","guid":{"rendered":"http:\/\/www.caririemacao.com\/1\/?p=160169"},"modified":"2020-03-25T12:18:34","modified_gmt":"2020-03-25T15:18:34","slug":"coronavirus-prefeito-eden-duarte-suspende-temporariamente-pagamentos-do-iptu-e-de-alugueis-de-predios-publicos","status":"publish","type":"post","link":"https:\/\/www.caririemacao.com\/1\/2020\/03\/25\/coronavirus-prefeito-eden-duarte-suspende-temporariamente-pagamentos-do-iptu-e-de-alugueis-de-predios-publicos\/","title":{"rendered":"CORONAV\u00cdRUS: Prefeito \u00c9den Duarte suspende temporariamente pagamentos do IPTU e de alugu\u00e9is de pr\u00e9dios p\u00fablicos"},"content":{"rendered":"\n<p>Em mais um decreto,&nbsp;<a href=\"http:\/\/www.sume.pb.gov.br\/wp-content\/uploads\/2020\/03\/DECRETO-N%C2%BA-1.315-suspens%C3%A3o-do-IPTU.pdf\">confira aqui,<\/a>&nbsp;publicado nessa ter\u00e7a-feira (24), no Boletim Oficial do Munic\u00edpio, o prefeito \u00c9den Duarte determinou a suspens\u00e3o dos pagamentos do IPTU, dos valores dos alugu\u00e9is de instala\u00e7\u00f5es e dos im\u00f3veis p\u00fablicos e da utiliza\u00e7\u00e3o dos espa\u00e7os na Central de Abastecimento \u201cOscar Severo de Macedo\u201d, o Mercado P\u00fablico Municipal, que incluem: tarimba-padr\u00e3o, box, uso permanente dos setores em dias comerciais e durante a feira livre semanal.<\/p>\n\n\n\n<p>A medida \u00e9 v\u00e1lida at\u00e9 \u201csegunda ordem\u201d, conforme o documento publicado e tem como finalidade ajudar no enfrentamento da pandemia do Covid-19.<\/p>\n\n\n\n<p>O prefeito \u00c9den vem agindo sistematicamente para ajudar no enfrentamento e na preven\u00e7\u00e3o do coronav\u00edrus no munic\u00edpio.<\/p>\n\n\n\n<p><em>Ascom PMS<\/em><\/p>\n","protected":false},"excerpt":{"rendered":"<p>Em mais um decreto,&nbsp;confira aqui,&nbsp;publicado nessa ter\u00e7a-feira (24), no Boletim Oficial do Munic\u00edpio, o prefeito \u00c9den Duarte determinou a suspens\u00e3o dos pagamentos do IPTU, dos&hellip; <\/p>\n","protected":false},"author":2,"featured_media":37102,"comment_status":"closed","ping_status":"closed","sticky":false,"template":"","format":"standard","meta":{"sfsi_plus_gutenberg_text_before_share":"","sfsi_plus_gutenberg_show_text_before_share":"","sfsi_plus_gutenberg_icon_type":"","sfsi_plus_gutenberg_icon_alignemt":"","sfsi_plus_gutenburg_max_per_row":"","footnotes":""},"categories":[50,2],"tags":[],"class_list":["post-160169","post","type-post","status-publish","format-standard","has-post-thumbnail","hentry","category-destaque","category-geral"],"_links":{"self":[{"href":"https:\/\/www.caririemacao.com\/1\/wp-json\/wp\/v2\/posts\/160169","targetHints":{"allow":["GET"]}}],"collection":[{"href":"https:\/\/www.caririemacao.com\/1\/wp-json\/wp\/v2\/posts"}],"about":[{"href":"https:\/\/www.caririemacao.com\/1\/wp-json\/wp\/v2\/types\/post"}],"author":[{"embeddable":true,"href":"https:\/\/www.caririemacao.com\/1\/wp-json\/wp\/v2\/users\/2"}],"replies":[{"embeddable":true,"href":"https:\/\/www.caririemacao.com\/1\/wp-json\/wp\/v2\/comments?post=160169"}],"version-history":[{"count":1,"href":"https:\/\/www.caririemacao.com\/1\/wp-json\/wp\/v2\/posts\/160169\/revisions"}],"predecessor-version":[{"id":160170,"href":"https:\/\/www.caririemacao.com\/1\/wp-json\/wp\/v2\/posts\/160169\/revisions\/160170"}],"wp:featuredmedia":[{"embeddable":true,"href":"https:\/\/www.caririemacao.com\/1\/wp-json\/wp\/v2\/media\/37102"}],"wp:attachment":[{"href":"https:\/\/www.caririemacao.com\/1\/wp-json\/wp\/v2\/media?parent=160169"}],"wp:term":[{"taxonomy":"category","embeddable":true,"href":"https:\/\/www.caririemacao.com\/1\/wp-json\/wp\/v2\/categories?post=160169"},{"taxonomy":"post_tag","embeddable":true,"href":"https:\/\/www.caririemacao.com\/1\/wp-json\/wp\/v2\/tags?post=160169"}],"curies":[{"name":"wp","href":"https:\/\/api.w.org\/{rel}","templated":true}]}}