{"id":160171,"date":"2020-03-25T12:22:14","date_gmt":"2020-03-25T15:22:14","guid":{"rendered":"http:\/\/www.caririemacao.com\/1\/?p=160171"},"modified":"2020-03-25T12:23:22","modified_gmt":"2020-03-25T15:23:22","slug":"padaria-e-alvo-de-assalto-em-monteiro","status":"publish","type":"post","link":"https:\/\/www.caririemacao.com\/1\/2020\/03\/25\/padaria-e-alvo-de-assalto-em-monteiro\/","title":{"rendered":"Padaria \u00e9 alvo de assalto em Monteiro"},"content":{"rendered":"\n<p>Por volta das 20h30mim, a Pol\u00edcia Militar recebeu uma den\u00fancia de que estaria ocorrendo um assalto a Ronaldo da padaria. <\/p>\n\n\n\n<p><br>De imediato duas guarni\u00e7\u00f5es se deslocaram at\u00e9 o local. A v\u00edtima relatou que estava em sua resid\u00eancia juntamente com um de seus funcion\u00e1rios, onde foram surpreendido por dois indiv\u00edduos, 01 moreno e outro mais claro que chegaram em uma motocicleta, os dois estavam armados e anunciaram o assalto, levando as v\u00edtimas e uma vizinha que estava perto para o andar de cima, onde os mantiveram imobilizados.<\/p>\n\n\n\n<p><br>Foram subtra\u00eddos do interior da resid\u00eancia: 04 celulares e cerca de R$ 4.000,00 e uma motocicleta. <\/p>\n\n\n\n<p><br>Ap\u00f3s rondas, a pol\u00edcia localizou a motocicleta em que os meliantes estavam. A v\u00edtima foi at\u00e9 a delegacia de pol\u00edcia civil para registrar o fato. <\/p>\n\n\n\n<p><br>As rondas ainda continuam em busca da moto e dos acusados.<\/p>\n","protected":false},"excerpt":{"rendered":"<p>Por volta das 20h30mim, a Pol\u00edcia Militar recebeu uma den\u00fancia de que estaria ocorrendo um assalto a Ronaldo da padaria. De imediato duas guarni\u00e7\u00f5es se&hellip; <\/p>\n","protected":false},"author":2,"featured_media":15928,"comment_status":"closed","ping_status":"closed","sticky":false,"template":"","format":"standard","meta":{"sfsi_plus_gutenberg_text_before_share":"","sfsi_plus_gutenberg_show_text_before_share":"","sfsi_plus_gutenberg_icon_type":"","sfsi_plus_gutenberg_icon_alignemt":"","sfsi_plus_gutenburg_max_per_row":"","footnotes":""},"categories":[12],"tags":[],"class_list":["post-160171","post","type-post","status-publish","format-standard","has-post-thumbnail","hentry","category-policia"],"_links":{"self":[{"href":"https:\/\/www.caririemacao.com\/1\/wp-json\/wp\/v2\/posts\/160171","targetHints":{"allow":["GET"]}}],"collection":[{"href":"https:\/\/www.caririemacao.com\/1\/wp-json\/wp\/v2\/posts"}],"about":[{"href":"https:\/\/www.caririemacao.com\/1\/wp-json\/wp\/v2\/types\/post"}],"author":[{"embeddable":true,"href":"https:\/\/www.caririemacao.com\/1\/wp-json\/wp\/v2\/users\/2"}],"replies":[{"embeddable":true,"href":"https:\/\/www.caririemacao.com\/1\/wp-json\/wp\/v2\/comments?post=160171"}],"version-history":[{"count":2,"href":"https:\/\/www.caririemacao.com\/1\/wp-json\/wp\/v2\/posts\/160171\/revisions"}],"predecessor-version":[{"id":160177,"href":"https:\/\/www.caririemacao.com\/1\/wp-json\/wp\/v2\/posts\/160171\/revisions\/160177"}],"wp:featuredmedia":[{"embeddable":true,"href":"https:\/\/www.caririemacao.com\/1\/wp-json\/wp\/v2\/media\/15928"}],"wp:attachment":[{"href":"https:\/\/www.caririemacao.com\/1\/wp-json\/wp\/v2\/media?parent=160171"}],"wp:term":[{"taxonomy":"category","embeddable":true,"href":"https:\/\/www.caririemacao.com\/1\/wp-json\/wp\/v2\/categories?post=160171"},{"taxonomy":"post_tag","embeddable":true,"href":"https:\/\/www.caririemacao.com\/1\/wp-json\/wp\/v2\/tags?post=160171"}],"curies":[{"name":"wp","href":"https:\/\/api.w.org\/{rel}","templated":true}]}}