{"id":160182,"date":"2020-03-25T14:36:58","date_gmt":"2020-03-25T17:36:58","guid":{"rendered":"http:\/\/www.caririemacao.com\/1\/?p=160182"},"modified":"2020-03-25T14:37:00","modified_gmt":"2020-03-25T17:37:00","slug":"justica-federal-libera-r-700-mil-para-a-paraiba-investir-em-equipamentos-de-protecao-e-testes-de-coronavirus","status":"publish","type":"post","link":"https:\/\/www.caririemacao.com\/1\/2020\/03\/25\/justica-federal-libera-r-700-mil-para-a-paraiba-investir-em-equipamentos-de-protecao-e-testes-de-coronavirus\/","title":{"rendered":"Justi\u00e7a Federal libera R$ 700 mil para a Para\u00edba investir em equipamentos de prote\u00e7\u00e3o e testes de coronav\u00edrus"},"content":{"rendered":"\n<p>Para possibilitar a amplia\u00e7\u00e3o dos investimentos em equipamentos de prote\u00e7\u00e3o individual e na compra de testes de detec\u00e7\u00e3o do coronav\u00edrus, a Justi\u00e7a Federal decidiu liberar R$ 700 mil para o Estado da Para\u00edba, Prefeitura de Jo\u00e3o Pessoa e o Hospital Universit\u00e1rio Lauro Wanderley, em Jo\u00e3o Pessoa. A decis\u00e3o foi tomada pela magistrada Cristiane Mendon\u00e7a Lage, da 16\u00aa Vara Federal de Jo\u00e3o Pessoa, na noite desta ter\u00e7a-feira (24).<\/p>\n\n\n\n<p>Ao todo, R$ 400 mil ser\u00e3o liberados para o Governo do Estado, R$ 250 mil para a Prefeitura de Jo\u00e3o Pessoa e R$ 50 mil para o Hospital Universit\u00e1rio.<\/p>\n\n\n\n<p>O pedido de libera\u00e7\u00e3o emergencial foi apresentado pelo Minist\u00e9rio P\u00fablico Federal. O dinheiro, no total de R$ 700 mil, foi arrecadado \u201cmediante pagamento de presta\u00e7\u00e3o pecuni\u00e1ria pelos investigados que firmaram Acordo de N\u00e3o Persecu\u00e7\u00e3o Penal-ANPP (processo 0802702-50.2018.4.05.8200) para desocupa\u00e7\u00e3o de \u00e1rea da Uni\u00e3o nas praias de Camboinha e Areia Dourada\u201d.<\/p>\n\n\n\n<p><em>Foto: Reprodu\u00e7\u00e3o\/Secom-PB<\/em><\/p>\n","protected":false},"excerpt":{"rendered":"<p>Para possibilitar a amplia\u00e7\u00e3o dos investimentos em equipamentos de prote\u00e7\u00e3o individual e na compra de testes de detec\u00e7\u00e3o do coronav\u00edrus, a Justi\u00e7a Federal decidiu liberar&hellip; <\/p>\n","protected":false},"author":2,"featured_media":160183,"comment_status":"closed","ping_status":"closed","sticky":false,"template":"","format":"standard","meta":{"sfsi_plus_gutenberg_text_before_share":"","sfsi_plus_gutenberg_show_text_before_share":"","sfsi_plus_gutenberg_icon_type":"","sfsi_plus_gutenberg_icon_alignemt":"","sfsi_plus_gutenburg_max_per_row":"","footnotes":""},"categories":[2],"tags":[],"class_list":["post-160182","post","type-post","status-publish","format-standard","has-post-thumbnail","hentry","category-geral"],"_links":{"self":[{"href":"https:\/\/www.caririemacao.com\/1\/wp-json\/wp\/v2\/posts\/160182","targetHints":{"allow":["GET"]}}],"collection":[{"href":"https:\/\/www.caririemacao.com\/1\/wp-json\/wp\/v2\/posts"}],"about":[{"href":"https:\/\/www.caririemacao.com\/1\/wp-json\/wp\/v2\/types\/post"}],"author":[{"embeddable":true,"href":"https:\/\/www.caririemacao.com\/1\/wp-json\/wp\/v2\/users\/2"}],"replies":[{"embeddable":true,"href":"https:\/\/www.caririemacao.com\/1\/wp-json\/wp\/v2\/comments?post=160182"}],"version-history":[{"count":1,"href":"https:\/\/www.caririemacao.com\/1\/wp-json\/wp\/v2\/posts\/160182\/revisions"}],"predecessor-version":[{"id":160184,"href":"https:\/\/www.caririemacao.com\/1\/wp-json\/wp\/v2\/posts\/160182\/revisions\/160184"}],"wp:featuredmedia":[{"embeddable":true,"href":"https:\/\/www.caririemacao.com\/1\/wp-json\/wp\/v2\/media\/160183"}],"wp:attachment":[{"href":"https:\/\/www.caririemacao.com\/1\/wp-json\/wp\/v2\/media?parent=160182"}],"wp:term":[{"taxonomy":"category","embeddable":true,"href":"https:\/\/www.caririemacao.com\/1\/wp-json\/wp\/v2\/categories?post=160182"},{"taxonomy":"post_tag","embeddable":true,"href":"https:\/\/www.caririemacao.com\/1\/wp-json\/wp\/v2\/tags?post=160182"}],"curies":[{"name":"wp","href":"https:\/\/api.w.org\/{rel}","templated":true}]}}