{"id":160186,"date":"2020-03-25T14:38:19","date_gmt":"2020-03-25T17:38:19","guid":{"rendered":"http:\/\/www.caririemacao.com\/1\/?p=160186"},"modified":"2020-03-25T14:38:20","modified_gmt":"2020-03-25T17:38:20","slug":"volta-a-chover-na-regiao-do-cariri-e-acude-em-sao-sebastiao-do-umbuzeiro-comeca-a-sangrar","status":"publish","type":"post","link":"https:\/\/www.caririemacao.com\/1\/2020\/03\/25\/volta-a-chover-na-regiao-do-cariri-e-acude-em-sao-sebastiao-do-umbuzeiro-comeca-a-sangrar\/","title":{"rendered":"Volta a chover na regi\u00e3o do Cariri e a\u00e7ude em S\u00e3o Sebasti\u00e3o do Umbuzeiro come\u00e7a a sangrar"},"content":{"rendered":"\n<p>Na noite desta \u00faltima ter\u00e7a-feira(24) e madrugada desta quarta-feira(25) as chuvas voltaram a cair em algumas cidades do Cariri paraibano.<\/p>\n\n\n\n<p>As cidades de Zabel\u00ea e Serra Branca registraram os maiores \u00edndices pluviom\u00e9tricos da regi\u00e3o. De acordo com a Aesa, em Zabel\u00ea os \u00edndices atingiram 105,7 mm. J\u00e1 em Serra Branca foi registrado uma chuva de 60 mm.<\/p>\n\n\n\n<p>Em S\u00e3o Sebasti\u00e3o do Umbuzeiro, a chuva atingiu os 27,9 mm. Uma cratera se abriu na lateral da rodovia que liga o munic\u00edpio at\u00e9 Zabel\u00ea.<\/p>\n\n\n\n<p>O a\u00e7ude Santo Ant\u00f4nio, em S\u00e3o Sebasti\u00e3o do Umbuzeiro, atingiu sua capacidade m\u00e1xima e come\u00e7ou a sangrar. O a\u00e7ude tem capacidade para 24.424.130 m\u00b3, sendo um dos maiores da regi\u00e3o.<\/p>\n\n\n\n<div class=\"wp-block-image\"><figure class=\"aligncenter\"><img decoding=\"async\" data-src=\"http:\/\/deolhonocariri.com.br\/wp-content\/uploads\/2020\/03\/RIO-TAPEROA25.jpg\" alt=\"\" class=\"wp-image-79721 lazyload\" src=\"data:image\/svg+xml;base64,PHN2ZyB3aWR0aD0iMSIgaGVpZ2h0PSIxIiB4bWxucz0iaHR0cDovL3d3dy53My5vcmcvMjAwMC9zdmciPjwvc3ZnPg==\" \/><\/figure><\/div>\n\n\n\n<p>Com as chuvas ca\u00eddas na regi\u00e3o, o Rio Tapero\u00e1 voltou a ter uma nova enchente, transcorrendo um bom volume de \u00e1gua em seu leito no munic\u00edpio de S\u00e3o Jo\u00e3o do Cariri. As \u00e1guas seguem para o a\u00e7ude Epit\u00e1cio Pessoa, em Boqueir\u00e3o.<\/p>\n\n\n\n<p><strong>De Olho no Cariri<\/strong><\/p>\n","protected":false},"excerpt":{"rendered":"<p>Na noite desta \u00faltima ter\u00e7a-feira(24) e madrugada desta quarta-feira(25) as chuvas voltaram a cair em algumas cidades do Cariri paraibano. As cidades de Zabel\u00ea e&hellip; <\/p>\n","protected":false},"author":2,"featured_media":160187,"comment_status":"closed","ping_status":"closed","sticky":false,"template":"","format":"standard","meta":{"sfsi_plus_gutenberg_text_before_share":"","sfsi_plus_gutenberg_show_text_before_share":"","sfsi_plus_gutenberg_icon_type":"","sfsi_plus_gutenberg_icon_alignemt":"","sfsi_plus_gutenburg_max_per_row":"","footnotes":""},"categories":[2],"tags":[],"class_list":["post-160186","post","type-post","status-publish","format-standard","has-post-thumbnail","hentry","category-geral"],"_links":{"self":[{"href":"https:\/\/www.caririemacao.com\/1\/wp-json\/wp\/v2\/posts\/160186","targetHints":{"allow":["GET"]}}],"collection":[{"href":"https:\/\/www.caririemacao.com\/1\/wp-json\/wp\/v2\/posts"}],"about":[{"href":"https:\/\/www.caririemacao.com\/1\/wp-json\/wp\/v2\/types\/post"}],"author":[{"embeddable":true,"href":"https:\/\/www.caririemacao.com\/1\/wp-json\/wp\/v2\/users\/2"}],"replies":[{"embeddable":true,"href":"https:\/\/www.caririemacao.com\/1\/wp-json\/wp\/v2\/comments?post=160186"}],"version-history":[{"count":1,"href":"https:\/\/www.caririemacao.com\/1\/wp-json\/wp\/v2\/posts\/160186\/revisions"}],"predecessor-version":[{"id":160188,"href":"https:\/\/www.caririemacao.com\/1\/wp-json\/wp\/v2\/posts\/160186\/revisions\/160188"}],"wp:featuredmedia":[{"embeddable":true,"href":"https:\/\/www.caririemacao.com\/1\/wp-json\/wp\/v2\/media\/160187"}],"wp:attachment":[{"href":"https:\/\/www.caririemacao.com\/1\/wp-json\/wp\/v2\/media?parent=160186"}],"wp:term":[{"taxonomy":"category","embeddable":true,"href":"https:\/\/www.caririemacao.com\/1\/wp-json\/wp\/v2\/categories?post=160186"},{"taxonomy":"post_tag","embeddable":true,"href":"https:\/\/www.caririemacao.com\/1\/wp-json\/wp\/v2\/tags?post=160186"}],"curies":[{"name":"wp","href":"https:\/\/api.w.org\/{rel}","templated":true}]}}