{"id":160191,"date":"2020-03-25T14:39:36","date_gmt":"2020-03-25T17:39:36","guid":{"rendered":"http:\/\/www.caririemacao.com\/1\/?p=160191"},"modified":"2020-03-25T14:39:38","modified_gmt":"2020-03-25T17:39:38","slug":"deputado-walber-virgulino-defende-bolsonaro-e-chama-governadores-de-vagabundos","status":"publish","type":"post","link":"https:\/\/www.caririemacao.com\/1\/2020\/03\/25\/deputado-walber-virgulino-defende-bolsonaro-e-chama-governadores-de-vagabundos\/","title":{"rendered":"Deputado Walber Virgulino defende Bolsonaro e chama governadores de vagabundos"},"content":{"rendered":"\n<p>O deputado Wallber Virgolino disse em \u00e1udio que o presidente Bolsonaro est\u00e1 \u201ccert\u00edssimo\u201d em pedir o fim do confinamento em todo o pa\u00eds. \u201dEle s\u00f3 disse, com as palavras dele o que era preciso dizer. O Brasil n\u00e3o pode parar. Estamos sensacionalizando, com populismo, estamos agravando uma crise que \u00e9 grave sim, ningu\u00e9m vai esconder isso, mas n\u00e3o podemos escapar de uma crise de sa\u00fade e morrermos por uma crise econ\u00f4mica\u201d.<\/p>\n\n\n\n<p>O parlamentar criticou a postura dos governadores. \u201cOs governadores dos estados, esse \u2018m\u00f3i\u2019 de vagabundo, incompetente que n\u00e3o sabe gerir seus estados, v\u00e3o colocar a incompet\u00eancia deles, a frustra\u00e7\u00e3o da administra\u00e7\u00e3o deles, no governo Bolsonaro\u201d, disse Virgolino.<\/p>\n\n\n\n<p>Para ele, Bolsonaro tem que estimular o trabalho das pessoas que n\u00e3o est\u00e3o no grupo de risco, \u201cos produtores rurais, os caminhoneiros, aquelas pessoas que fazem o Brasil e a Para\u00edba ir par frente t\u00eam que continuar a trabalhar\u201d.<\/p>\n\n\n\n<p>As atividades citadas pelo deputado s\u00e3o tidas como servi\u00e7os essenciais e, por isso mesmo, n\u00e3o deixaram de acontecer apesar da pandemia.<\/p>\n\n\n\n<p><em>Click PB<\/em><\/p>\n","protected":false},"excerpt":{"rendered":"<p>O deputado Wallber Virgolino disse em \u00e1udio que o presidente Bolsonaro est\u00e1 \u201ccert\u00edssimo\u201d em pedir o fim do confinamento em todo o pa\u00eds. \u201dEle s\u00f3&hellip; <\/p>\n","protected":false},"author":2,"featured_media":160192,"comment_status":"closed","ping_status":"closed","sticky":false,"template":"","format":"standard","meta":{"sfsi_plus_gutenberg_text_before_share":"","sfsi_plus_gutenberg_show_text_before_share":"","sfsi_plus_gutenberg_icon_type":"","sfsi_plus_gutenberg_icon_alignemt":"","sfsi_plus_gutenburg_max_per_row":"","footnotes":""},"categories":[11],"tags":[],"class_list":["post-160191","post","type-post","status-publish","format-standard","has-post-thumbnail","hentry","category-politica"],"_links":{"self":[{"href":"https:\/\/www.caririemacao.com\/1\/wp-json\/wp\/v2\/posts\/160191","targetHints":{"allow":["GET"]}}],"collection":[{"href":"https:\/\/www.caririemacao.com\/1\/wp-json\/wp\/v2\/posts"}],"about":[{"href":"https:\/\/www.caririemacao.com\/1\/wp-json\/wp\/v2\/types\/post"}],"author":[{"embeddable":true,"href":"https:\/\/www.caririemacao.com\/1\/wp-json\/wp\/v2\/users\/2"}],"replies":[{"embeddable":true,"href":"https:\/\/www.caririemacao.com\/1\/wp-json\/wp\/v2\/comments?post=160191"}],"version-history":[{"count":1,"href":"https:\/\/www.caririemacao.com\/1\/wp-json\/wp\/v2\/posts\/160191\/revisions"}],"predecessor-version":[{"id":160193,"href":"https:\/\/www.caririemacao.com\/1\/wp-json\/wp\/v2\/posts\/160191\/revisions\/160193"}],"wp:featuredmedia":[{"embeddable":true,"href":"https:\/\/www.caririemacao.com\/1\/wp-json\/wp\/v2\/media\/160192"}],"wp:attachment":[{"href":"https:\/\/www.caririemacao.com\/1\/wp-json\/wp\/v2\/media?parent=160191"}],"wp:term":[{"taxonomy":"category","embeddable":true,"href":"https:\/\/www.caririemacao.com\/1\/wp-json\/wp\/v2\/categories?post=160191"},{"taxonomy":"post_tag","embeddable":true,"href":"https:\/\/www.caririemacao.com\/1\/wp-json\/wp\/v2\/tags?post=160191"}],"curies":[{"name":"wp","href":"https:\/\/api.w.org\/{rel}","templated":true}]}}