{"id":160195,"date":"2020-03-25T14:40:47","date_gmt":"2020-03-25T17:40:47","guid":{"rendered":"http:\/\/www.caririemacao.com\/1\/?p=160195"},"modified":"2020-03-25T14:40:49","modified_gmt":"2020-03-25T17:40:49","slug":"consumo-de-vitamina-c-sobe-mais-de-1-000-nas-farmacias","status":"publish","type":"post","link":"https:\/\/www.caririemacao.com\/1\/2020\/03\/25\/consumo-de-vitamina-c-sobe-mais-de-1-000-nas-farmacias\/","title":{"rendered":"Consumo de vitamina C sobe mais de 1.000% nas farm\u00e1cias"},"content":{"rendered":"\n<p>&nbsp;A venda de vitaminas C em farm\u00e1cias disparou 1.188,4% na terceira semana de mar\u00e7o ante o mesmo per\u00edodo do m\u00eas passado, segundo a ePharma, que gerencia benef\u00edcios de medicamentos.<\/p>\n\n\n\n<p>O volume de rem\u00e9dios comprados subiu 36,3% e atingiu a maior marca para o per\u00edodo (62.064 unidades).<\/p>\n\n\n\n<p>Na Bio Mundo, rede de produtos naturais, a venda de itens usados para fortalecer a imunidade subiu 85% nos 18 primeiros dias de mar\u00e7o na compara\u00e7\u00e3o com o mesmo per\u00edodo de 2019.<\/p>\n\n\n\n<p>Tiveram alta o pr\u00f3polis (835%), o \u00f3leo de alho (690%), a vitamina D3 (172%) e outros<\/p>\n","protected":false},"excerpt":{"rendered":"<p>&nbsp;A venda de vitaminas C em farm\u00e1cias disparou 1.188,4% na terceira semana de mar\u00e7o ante o mesmo per\u00edodo do m\u00eas passado, segundo a ePharma, que&hellip; <\/p>\n","protected":false},"author":2,"featured_media":160196,"comment_status":"closed","ping_status":"closed","sticky":false,"template":"","format":"standard","meta":{"sfsi_plus_gutenberg_text_before_share":"","sfsi_plus_gutenberg_show_text_before_share":"","sfsi_plus_gutenberg_icon_type":"","sfsi_plus_gutenberg_icon_alignemt":"","sfsi_plus_gutenburg_max_per_row":"","footnotes":""},"categories":[16],"tags":[],"class_list":["post-160195","post","type-post","status-publish","format-standard","has-post-thumbnail","hentry","category-saude"],"_links":{"self":[{"href":"https:\/\/www.caririemacao.com\/1\/wp-json\/wp\/v2\/posts\/160195","targetHints":{"allow":["GET"]}}],"collection":[{"href":"https:\/\/www.caririemacao.com\/1\/wp-json\/wp\/v2\/posts"}],"about":[{"href":"https:\/\/www.caririemacao.com\/1\/wp-json\/wp\/v2\/types\/post"}],"author":[{"embeddable":true,"href":"https:\/\/www.caririemacao.com\/1\/wp-json\/wp\/v2\/users\/2"}],"replies":[{"embeddable":true,"href":"https:\/\/www.caririemacao.com\/1\/wp-json\/wp\/v2\/comments?post=160195"}],"version-history":[{"count":1,"href":"https:\/\/www.caririemacao.com\/1\/wp-json\/wp\/v2\/posts\/160195\/revisions"}],"predecessor-version":[{"id":160197,"href":"https:\/\/www.caririemacao.com\/1\/wp-json\/wp\/v2\/posts\/160195\/revisions\/160197"}],"wp:featuredmedia":[{"embeddable":true,"href":"https:\/\/www.caririemacao.com\/1\/wp-json\/wp\/v2\/media\/160196"}],"wp:attachment":[{"href":"https:\/\/www.caririemacao.com\/1\/wp-json\/wp\/v2\/media?parent=160195"}],"wp:term":[{"taxonomy":"category","embeddable":true,"href":"https:\/\/www.caririemacao.com\/1\/wp-json\/wp\/v2\/categories?post=160195"},{"taxonomy":"post_tag","embeddable":true,"href":"https:\/\/www.caririemacao.com\/1\/wp-json\/wp\/v2\/tags?post=160195"}],"curies":[{"name":"wp","href":"https:\/\/api.w.org\/{rel}","templated":true}]}}